{"id":95821,"date":"2023-10-17T22:40:08","date_gmt":"2023-10-18T01:40:08","guid":{"rendered":"https:\/\/corrientesdetarde.com\/?p=95821"},"modified":"2023-10-17T22:40:19","modified_gmt":"2023-10-18T01:40:19","slug":"murio-la-ex-modelo-y-conductora-televisiva-patricia-lage","status":"publish","type":"post","link":"https:\/\/corrientesdetarde.com\/index.php\/espectaculos\/murio-la-ex-modelo-y-conductora-televisiva-patricia-lage\/","title":{"rendered":"Muri\u00f3 la ex modelo y conductora televisiva Patricia Lage"},"content":{"rendered":"\n<p>Ten\u00eda 67 a\u00f1os, hab\u00eda sido &#8220;Miss Argentina&#8221; y era recordada como la &#8220;Xuxa&#8221; local.<\/p>\n\n\n\n<p>La ex modelo y conductora televisiva&nbsp;<strong>Patricia Lage,<\/strong>&nbsp;quien tambi\u00e9n fuera&nbsp;<strong>Miss Argentina<\/strong>, muri\u00f3 a los 67 a\u00f1os, por las consecuencias de un ACV que hab\u00eda sufrido a\u00f1os atr\u00e1s.<\/p>\n\n\n\n<p><strong>\u201cVuela alto. El cielo tendr\u00e1 a la m\u00e1s linda Miss Argentina, modelo, conductora y pionera en la televisi\u00f3n\u201d,<\/strong>&nbsp;poste\u00f3 la relacionista p\u00fablica Susana Milano, a modo de homenaje a quien lleg\u00f3 a ser reconocida como &#8220;La Xuxa argentina&#8221; en la plataforma X.<\/p>\n\n\n\n<p><strong>\u201cMe quedo con tu mejor sonrisa, esos ojos azules, tan c\u00e1lida, excelente profesional. Lo que nos re\u00edamos juntas. Hasta siempre Patricia Lage #QEPD. Una verdadera Mujer De Recurso!<\/strong>\u201d, agreg\u00f3 en otra publicaci\u00f3n.<\/p>\n\n\n\n<p>Lage cosech\u00f3 una carrera exitosa, especialmente en los &#8217;80, cuando fue tapa de revistas internacionales, como modelo, y como conductora anim\u00f3 programas infantiles y de entrevistas.<\/p>\n\n\n\n<p>Tras consagrarse Miss Argentina para Miss Universo en 1973, su carrera de modelaje en los a\u00f1os \u00b480 y se convirti\u00f3 en productora y conductora televisiva, tras aparecer en algunas recordadas publicidades como la de &#8220;Aurora-Grundig&#8221;.<\/p>\n\n\n\n<p>Luego, desembarc\u00f3 en la televisi\u00f3n y dio sus primeros pasos con<strong>&nbsp;&#8220;La casa de Patricia&#8221;<\/strong>, un magazine en el que participaba como conductora y productora a la vez. De esa manera, se convirti\u00f3 en una de las primeras mujeres en desarrollar los dos roles en la televisi\u00f3n nacional.<\/p>\n\n\n\n<p>M\u00e1s tarde,&nbsp;<strong>lanz\u00f3 el \u00e9xito infantil como &#8220;El Clan de Patsy&#8221;, que se emiti\u00f3 por ATC en 1988, con expresiones que quedaron en el imaginario popular como &#8220;\u00a1Guachiguau!&#8221;.<\/strong><\/p>\n\n\n\n<p>El programa ten\u00eda el formato copiado al que era conducido en Brasil por Xuxa, quien brindaba apoyo t\u00e1cito, y sirvi\u00f3 como plataforma para el posterior desembarco de la &#8220;reina de los bajitos&#8221; en la Argentina.<\/p>\n\n\n\n<p>Posteriormente, Lage pas\u00f3 al cable, donde condujo programas como &#8220;Creciendo con mam\u00e1&#8221;, &#8220;Magazine Mujer&#8221; y &#8220;Mujeres de recursos&#8221;, en el que entrevistaba a mujeres exitosas y renombradas en diferentes \u00e1mbitos.<\/p>\n","protected":false},"excerpt":{"rendered":"<p>Ten\u00eda 67 a\u00f1os, hab\u00eda sido &#8220;Miss Argentina&#8221; y era recordada como la &#8220;Xuxa&#8221; local. La ex modelo y conductora televisiva&nbsp;Patricia Lage,&nbsp;quien tambi\u00e9n fuera&nbsp;Miss Argentina, muri\u00f3 a los 67 a\u00f1os, por&hellip; <\/p>\n","protected":false},"author":4,"featured_media":95822,"comment_status":"closed","ping_status":"open","sticky":false,"template":"","format":"standard","meta":{"footnotes":""},"categories":[19],"tags":[],"class_list":["post-95821","post","type-post","status-publish","format-standard","has-post-thumbnail","hentry","category-espectaculos"],"_links":{"self":[{"href":"https:\/\/corrientesdetarde.com\/index.php\/wp-json\/wp\/v2\/posts\/95821","targetHints":{"allow":["GET"]}}],"collection":[{"href":"https:\/\/corrientesdetarde.com\/index.php\/wp-json\/wp\/v2\/posts"}],"about":[{"href":"https:\/\/corrientesdetarde.com\/index.php\/wp-json\/wp\/v2\/types\/post"}],"author":[{"embeddable":true,"href":"https:\/\/corrientesdetarde.com\/index.php\/wp-json\/wp\/v2\/users\/4"}],"replies":[{"embeddable":true,"href":"https:\/\/corrientesdetarde.com\/index.php\/wp-json\/wp\/v2\/comments?post=95821"}],"version-history":[{"count":1,"href":"https:\/\/corrientesdetarde.com\/index.php\/wp-json\/wp\/v2\/posts\/95821\/revisions"}],"predecessor-version":[{"id":95823,"href":"https:\/\/corrientesdetarde.com\/index.php\/wp-json\/wp\/v2\/posts\/95821\/revisions\/95823"}],"wp:featuredmedia":[{"embeddable":true,"href":"https:\/\/corrientesdetarde.com\/index.php\/wp-json\/wp\/v2\/media\/95822"}],"wp:attachment":[{"href":"https:\/\/corrientesdetarde.com\/index.php\/wp-json\/wp\/v2\/media?parent=95821"}],"wp:term":[{"taxonomy":"category","embeddable":true,"href":"https:\/\/corrientesdetarde.com\/index.php\/wp-json\/wp\/v2\/categories?post=95821"},{"taxonomy":"post_tag","embeddable":true,"href":"https:\/\/corrientesdetarde.com\/index.php\/wp-json\/wp\/v2\/tags?post=95821"}],"curies":[{"name":"wp","href":"https:\/\/api.w.org\/{rel}","templated":true}]}}