{"id":95903,"date":"2023-10-18T10:17:24","date_gmt":"2023-10-18T13:17:24","guid":{"rendered":"https:\/\/corrientesdetarde.com\/?p=95903"},"modified":"2023-10-18T10:17:35","modified_gmt":"2023-10-18T13:17:35","slug":"tevez-sufrio-un-accidente-en-su-casa-y-fue-llevado-de-urgencia-a-una-clinica","status":"publish","type":"post","link":"https:\/\/corrientesdetarde.com\/index.php\/deportes\/tevez-sufrio-un-accidente-en-su-casa-y-fue-llevado-de-urgencia-a-una-clinica\/","title":{"rendered":"Tevez sufri\u00f3 un accidente en su casa y fue llevado de urgencia a una cl\u00ednica"},"content":{"rendered":"\n<p>Este mi\u00e9rcoles, en la previa del partido de Independiente ante Barracas Central por la Copa de la Liga, Carlos Tevez sufri\u00f3 un accidente dom\u00e9stico que preocup\u00f3 a todos. Ya fue dado de alta.<\/p>\n\n\n\n<p>&nbsp;Seg\u00fan las primeras informaciones, el entrenador del Rojo sufri\u00f3 un mareo cuando iba al ba\u00f1o, se cay\u00f3 y se golpe\u00f3 la cabeza, lo que le provoc\u00f3 una extensa herida. Tuvo que ser llevado de urgencia a una cl\u00ednica de San Isidro, donde le dieron al menos diez puntos de sutura.<\/p>\n\n\n\n<p>&#8220;Tal como trascendi\u00f3, Carlos Tevez sufri\u00f3 un accidente dom\u00e9stico en su domicilio y le aplicaron algunos puntos de sutura en el arco superciliar izquierdo. En estos momentos se encuentra haciendo reposo y se sumar\u00e1 al grupo en el Hotel Madero. El entrenamiento de esta ma\u00f1ana en el estadio estar\u00e1 a carga del cuerpo t\u00e9cnico&#8221;, inform\u00f3 el club a trav\u00e9s de sus canales oficiales.<\/p>\n\n\n\n<p>Independiente enfrentar\u00e1 este mi\u00e9rcoles a las 21 a Barracas Central en un partido clave para seguir escapando de la zona baja. Fuentes cercanas al club confirman que el Apache estar\u00e1 presente en el encuentro.<\/p>\n","protected":false},"excerpt":{"rendered":"<p>Este mi\u00e9rcoles, en la previa del partido de Independiente ante Barracas Central por la Copa de la Liga, Carlos Tevez sufri\u00f3 un accidente dom\u00e9stico que preocup\u00f3 a todos. Ya fue&hellip; <\/p>\n","protected":false},"author":1,"featured_media":95914,"comment_status":"closed","ping_status":"open","sticky":false,"template":"","format":"standard","meta":{"footnotes":""},"categories":[4],"tags":[],"class_list":["post-95903","post","type-post","status-publish","format-standard","has-post-thumbnail","hentry","category-deportes"],"_links":{"self":[{"href":"https:\/\/corrientesdetarde.com\/index.php\/wp-json\/wp\/v2\/posts\/95903","targetHints":{"allow":["GET"]}}],"collection":[{"href":"https:\/\/corrientesdetarde.com\/index.php\/wp-json\/wp\/v2\/posts"}],"about":[{"href":"https:\/\/corrientesdetarde.com\/index.php\/wp-json\/wp\/v2\/types\/post"}],"author":[{"embeddable":true,"href":"https:\/\/corrientesdetarde.com\/index.php\/wp-json\/wp\/v2\/users\/1"}],"replies":[{"embeddable":true,"href":"https:\/\/corrientesdetarde.com\/index.php\/wp-json\/wp\/v2\/comments?post=95903"}],"version-history":[{"count":1,"href":"https:\/\/corrientesdetarde.com\/index.php\/wp-json\/wp\/v2\/posts\/95903\/revisions"}],"predecessor-version":[{"id":95915,"href":"https:\/\/corrientesdetarde.com\/index.php\/wp-json\/wp\/v2\/posts\/95903\/revisions\/95915"}],"wp:featuredmedia":[{"embeddable":true,"href":"https:\/\/corrientesdetarde.com\/index.php\/wp-json\/wp\/v2\/media\/95914"}],"wp:attachment":[{"href":"https:\/\/corrientesdetarde.com\/index.php\/wp-json\/wp\/v2\/media?parent=95903"}],"wp:term":[{"taxonomy":"category","embeddable":true,"href":"https:\/\/corrientesdetarde.com\/index.php\/wp-json\/wp\/v2\/categories?post=95903"},{"taxonomy":"post_tag","embeddable":true,"href":"https:\/\/corrientesdetarde.com\/index.php\/wp-json\/wp\/v2\/tags?post=95903"}],"curies":[{"name":"wp","href":"https:\/\/api.w.org\/{rel}","templated":true}]}}