{"id":95909,"date":"2023-10-18T11:07:06","date_gmt":"2023-10-18T14:07:06","guid":{"rendered":"https:\/\/corrientesdetarde.com\/?p=95909"},"modified":"2023-10-18T11:07:18","modified_gmt":"2023-10-18T14:07:18","slug":"cronograma-de-venta-de-garrafa-social-22","status":"publish","type":"post","link":"https:\/\/corrientesdetarde.com\/index.php\/sociales\/cronograma-de-venta-de-garrafa-social-22\/","title":{"rendered":"Cronograma de venta de Garrafa Social"},"content":{"rendered":"\n<p>El Ministerio Desarrollo Social de la Provincia, informa el cronograma de venta de la Garrafa Social de esta semana; el jueves 19 de octubre el programa estar\u00e1 en el barrio Pirayu\u00ed&nbsp;(Cuba al 5.900)&nbsp;de 10 a 11, y viernes 20&nbsp;de octubre en Ba\u00f1ado Norte de 9:30 a 11 (Rol\u00f3n y M\u00e9xico). El precio de la garrafa de 10 kg $2.300.<\/p>\n\n\n\n<p>La actividad es realizada por la Subsecretar\u00eda de Desarrollo Humano e Igualdad, a cargo de Gabriela Castro, dependiente del Ministerio.<\/p>\n","protected":false},"excerpt":{"rendered":"<p>El Ministerio Desarrollo Social de la Provincia, informa el cronograma de venta de la Garrafa Social de esta semana; el jueves 19 de octubre el programa estar\u00e1 en el barrio&hellip; <\/p>\n","protected":false},"author":1,"featured_media":82689,"comment_status":"closed","ping_status":"open","sticky":false,"template":"","format":"standard","meta":{"footnotes":""},"categories":[17],"tags":[],"class_list":["post-95909","post","type-post","status-publish","format-standard","has-post-thumbnail","hentry","category-sociales"],"_links":{"self":[{"href":"https:\/\/corrientesdetarde.com\/index.php\/wp-json\/wp\/v2\/posts\/95909","targetHints":{"allow":["GET"]}}],"collection":[{"href":"https:\/\/corrientesdetarde.com\/index.php\/wp-json\/wp\/v2\/posts"}],"about":[{"href":"https:\/\/corrientesdetarde.com\/index.php\/wp-json\/wp\/v2\/types\/post"}],"author":[{"embeddable":true,"href":"https:\/\/corrientesdetarde.com\/index.php\/wp-json\/wp\/v2\/users\/1"}],"replies":[{"embeddable":true,"href":"https:\/\/corrientesdetarde.com\/index.php\/wp-json\/wp\/v2\/comments?post=95909"}],"version-history":[{"count":1,"href":"https:\/\/corrientesdetarde.com\/index.php\/wp-json\/wp\/v2\/posts\/95909\/revisions"}],"predecessor-version":[{"id":95919,"href":"https:\/\/corrientesdetarde.com\/index.php\/wp-json\/wp\/v2\/posts\/95909\/revisions\/95919"}],"wp:featuredmedia":[{"embeddable":true,"href":"https:\/\/corrientesdetarde.com\/index.php\/wp-json\/wp\/v2\/media\/82689"}],"wp:attachment":[{"href":"https:\/\/corrientesdetarde.com\/index.php\/wp-json\/wp\/v2\/media?parent=95909"}],"wp:term":[{"taxonomy":"category","embeddable":true,"href":"https:\/\/corrientesdetarde.com\/index.php\/wp-json\/wp\/v2\/categories?post=95909"},{"taxonomy":"post_tag","embeddable":true,"href":"https:\/\/corrientesdetarde.com\/index.php\/wp-json\/wp\/v2\/tags?post=95909"}],"curies":[{"name":"wp","href":"https:\/\/api.w.org\/{rel}","templated":true}]}}