{"id":96028,"date":"2023-10-18T23:38:40","date_gmt":"2023-10-19T02:38:40","guid":{"rendered":"https:\/\/corrientesdetarde.com\/?p=96028"},"modified":"2023-10-18T23:38:41","modified_gmt":"2023-10-19T02:38:41","slug":"la-provincia-otorga-un-aumento-del-25-a-las-becas-de-formacion-que-perciben-los-residentes","status":"publish","type":"post","link":"https:\/\/corrientesdetarde.com\/index.php\/bienestar-y-salud\/la-provincia-otorga-un-aumento-del-25-a-las-becas-de-formacion-que-perciben-los-residentes\/","title":{"rendered":"La Provincia otorga un aumento del 25% a las becas de formaci\u00f3n que perciben los residentes"},"content":{"rendered":"\n<p>El Gobierno provincial comunica que las becas de formaci\u00f3n que perciben los residentes del sistema de Salud, tendr\u00e1n un aumento del 25%. La suba es para la totalidad de este sector y se abonar\u00e1 de forma inmediata con el sueldo de octubre.<\/p>\n\n\n\n<p>En detalle, el incremento del 25% alcanza a los 600 residentes con los que cuenta la Provincia, desde R1 (primer a\u00f1o) a los jefes de Residencias.En los \u00faltimos d\u00edas, funcionarios del Ministerio de Salud P\u00fablica mantuvieron reuniones con residentes de cada uno de los hospitales, en el marco de la mesa de trabajo instaurada en la que se prioriza el di\u00e1logo.<\/p>\n\n\n\n<p>Vale recordar que las residencias en salud constituyen una etapa de formaci\u00f3n en la vida profesional que consiste en una capacitaci\u00f3n de posgrado en servicio, con actividad programada y supervisada para distintas especialidades y disciplinas, que le permiten adquirir las competencias de manera progresiva, requeridas para ejercer con excelencia su profesi\u00f3n.<\/p>\n\n\n\n<p>Para ello, el Gobierno provincial dispone en los hospitales e instituciones de Capital y del interior de sedes de formaci\u00f3n para distintas especialidades M\u00e9dicas, Enfermer\u00eda, Kinesiolog\u00eda, Bioqu\u00edmicos y Psic\u00f3logos y Trabajo social para salud mental.<\/p>\n\n\n\n<p>La Provincia cuenta con un sistema de Residencias consolidado que se implementa en m\u00e1s de 70 sedes, en 14 hospitales de la ciudad de Corrientes y del interior. Actualmente, hay 600 residentes en formaci\u00f3n.<\/p>\n","protected":false},"excerpt":{"rendered":"<p>El Gobierno provincial comunica que las becas de formaci\u00f3n que perciben los residentes del sistema de Salud, tendr\u00e1n un aumento del 25%. La suba es para la totalidad de este&hellip; <\/p>\n","protected":false},"author":4,"featured_media":96090,"comment_status":"closed","ping_status":"open","sticky":false,"template":"","format":"standard","meta":{"footnotes":""},"categories":[16],"tags":[],"class_list":["post-96028","post","type-post","status-publish","format-standard","has-post-thumbnail","hentry","category-bienestar-y-salud"],"_links":{"self":[{"href":"https:\/\/corrientesdetarde.com\/index.php\/wp-json\/wp\/v2\/posts\/96028","targetHints":{"allow":["GET"]}}],"collection":[{"href":"https:\/\/corrientesdetarde.com\/index.php\/wp-json\/wp\/v2\/posts"}],"about":[{"href":"https:\/\/corrientesdetarde.com\/index.php\/wp-json\/wp\/v2\/types\/post"}],"author":[{"embeddable":true,"href":"https:\/\/corrientesdetarde.com\/index.php\/wp-json\/wp\/v2\/users\/4"}],"replies":[{"embeddable":true,"href":"https:\/\/corrientesdetarde.com\/index.php\/wp-json\/wp\/v2\/comments?post=96028"}],"version-history":[{"count":1,"href":"https:\/\/corrientesdetarde.com\/index.php\/wp-json\/wp\/v2\/posts\/96028\/revisions"}],"predecessor-version":[{"id":96091,"href":"https:\/\/corrientesdetarde.com\/index.php\/wp-json\/wp\/v2\/posts\/96028\/revisions\/96091"}],"wp:featuredmedia":[{"embeddable":true,"href":"https:\/\/corrientesdetarde.com\/index.php\/wp-json\/wp\/v2\/media\/96090"}],"wp:attachment":[{"href":"https:\/\/corrientesdetarde.com\/index.php\/wp-json\/wp\/v2\/media?parent=96028"}],"wp:term":[{"taxonomy":"category","embeddable":true,"href":"https:\/\/corrientesdetarde.com\/index.php\/wp-json\/wp\/v2\/categories?post=96028"},{"taxonomy":"post_tag","embeddable":true,"href":"https:\/\/corrientesdetarde.com\/index.php\/wp-json\/wp\/v2\/tags?post=96028"}],"curies":[{"name":"wp","href":"https:\/\/api.w.org\/{rel}","templated":true}]}}