{"id":96031,"date":"2023-10-18T20:22:02","date_gmt":"2023-10-18T23:22:02","guid":{"rendered":"https:\/\/corrientesdetarde.com\/?p=96031"},"modified":"2023-10-18T20:22:06","modified_gmt":"2023-10-18T23:22:06","slug":"reunion-de-seguridad-vecinal-en-los-barrios-asunta-pittaro-y-90-viviendas","status":"publish","type":"post","link":"https:\/\/corrientesdetarde.com\/index.php\/actualidad\/reunion-de-seguridad-vecinal-en-los-barrios-asunta-pittaro-y-90-viviendas\/","title":{"rendered":"Reuni\u00f3n de Seguridad Vecinal en los barrios Asunta Pittaro y 90 Viviendas"},"content":{"rendered":"\n<p>La Subsecretar\u00eda de Seguridad Ciudadana de la Provincia\u00a0llev\u00f3 a cabo este martes una nueva reuni\u00f3n de Seguridad Vecinal en los los barrios Asunta Pittaro y 90 viviendas, contando con la concurrencia de habitantes y comerciantes de la zona. El encuentro fue encabezado por el titular del \u00e1rea dependeniente del Ministerio de Seguridad, Oscar Mart\u00ednez, quien explic\u00f3 el funcionamiento de la app Vecinos Seguros, el cual permite un r\u00e1pido accionar del 911 ante el pedido de auxilio.<\/p>\n\n\n\n<figure class=\"wp-block-image size-large\"><img loading=\"lazy\" decoding=\"async\" width=\"1024\" height=\"672\" src=\"https:\/\/corrientesdetarde.com\/wp-content\/uploads\/2023\/10\/Captura-de-pantalla-2023-10-18-202111-1024x672.png\" alt=\"\" class=\"wp-image-96036\" srcset=\"https:\/\/corrientesdetarde.com\/wp-content\/uploads\/2023\/10\/Captura-de-pantalla-2023-10-18-202111-1024x672.png 1024w, https:\/\/corrientesdetarde.com\/wp-content\/uploads\/2023\/10\/Captura-de-pantalla-2023-10-18-202111-300x197.png 300w, https:\/\/corrientesdetarde.com\/wp-content\/uploads\/2023\/10\/Captura-de-pantalla-2023-10-18-202111-768x504.png 768w, https:\/\/corrientesdetarde.com\/wp-content\/uploads\/2023\/10\/Captura-de-pantalla-2023-10-18-202111.png 1287w\" sizes=\"auto, (max-width: 1024px) 100vw, 1024px\" \/><\/figure>\n\n\n\n<p>El funcionario provincial estuvo acompa\u00f1ado por el subsecretario de Acci\u00f3n Territorial, Julio Bartra;&nbsp;el Licenciado en Seguridad P\u00fablica, Comisario Mayor Jos\u00e9 Galarza;&nbsp;y el equipo de Polic\u00eda Comunitaria.<\/p>\n","protected":false},"excerpt":{"rendered":"<p>La Subsecretar\u00eda de Seguridad Ciudadana de la Provincia\u00a0llev\u00f3 a cabo este martes una nueva reuni\u00f3n de Seguridad Vecinal en los los barrios Asunta Pittaro y 90 viviendas, contando con la&hellip; <\/p>\n","protected":false},"author":4,"featured_media":96035,"comment_status":"closed","ping_status":"open","sticky":false,"template":"","format":"standard","meta":{"footnotes":""},"categories":[23],"tags":[],"class_list":["post-96031","post","type-post","status-publish","format-standard","has-post-thumbnail","hentry","category-actualidad"],"_links":{"self":[{"href":"https:\/\/corrientesdetarde.com\/index.php\/wp-json\/wp\/v2\/posts\/96031","targetHints":{"allow":["GET"]}}],"collection":[{"href":"https:\/\/corrientesdetarde.com\/index.php\/wp-json\/wp\/v2\/posts"}],"about":[{"href":"https:\/\/corrientesdetarde.com\/index.php\/wp-json\/wp\/v2\/types\/post"}],"author":[{"embeddable":true,"href":"https:\/\/corrientesdetarde.com\/index.php\/wp-json\/wp\/v2\/users\/4"}],"replies":[{"embeddable":true,"href":"https:\/\/corrientesdetarde.com\/index.php\/wp-json\/wp\/v2\/comments?post=96031"}],"version-history":[{"count":1,"href":"https:\/\/corrientesdetarde.com\/index.php\/wp-json\/wp\/v2\/posts\/96031\/revisions"}],"predecessor-version":[{"id":96037,"href":"https:\/\/corrientesdetarde.com\/index.php\/wp-json\/wp\/v2\/posts\/96031\/revisions\/96037"}],"wp:featuredmedia":[{"embeddable":true,"href":"https:\/\/corrientesdetarde.com\/index.php\/wp-json\/wp\/v2\/media\/96035"}],"wp:attachment":[{"href":"https:\/\/corrientesdetarde.com\/index.php\/wp-json\/wp\/v2\/media?parent=96031"}],"wp:term":[{"taxonomy":"category","embeddable":true,"href":"https:\/\/corrientesdetarde.com\/index.php\/wp-json\/wp\/v2\/categories?post=96031"},{"taxonomy":"post_tag","embeddable":true,"href":"https:\/\/corrientesdetarde.com\/index.php\/wp-json\/wp\/v2\/tags?post=96031"}],"curies":[{"name":"wp","href":"https:\/\/api.w.org\/{rel}","templated":true}]}}