{"id":96040,"date":"2023-10-18T20:51:16","date_gmt":"2023-10-18T23:51:16","guid":{"rendered":"https:\/\/corrientesdetarde.com\/?p=96040"},"modified":"2023-10-18T20:51:19","modified_gmt":"2023-10-18T23:51:19","slug":"trump-anuncio-restricciones-para-simpatizantes-de-hamas-y-extremistas-musulmanes-si-vuelve-a-la-presidencia","status":"publish","type":"post","link":"https:\/\/corrientesdetarde.com\/index.php\/internacionales\/trump-anuncio-restricciones-para-simpatizantes-de-hamas-y-extremistas-musulmanes-si-vuelve-a-la-presidencia\/","title":{"rendered":"Trump anunci\u00f3 restricciones para simpatizantes de Ham\u00e1s y extremistas musulmanes si vuelve a la Presidencia"},"content":{"rendered":"\n<p>El magnate hizo menci\u00f3n a una &#8220;revisi\u00f3n ideol\u00f3gica&#8221; para explicar su postura.<\/p>\n\n\n\n<p>El ex presidente de Estados\u00a0Unidos\u00a0<strong>Donald Trump<\/strong>\u00a0asegur\u00f3 que si retorna a la Casa Blanca\u00a0iniciar\u00e1 una\u00a0<strong>&#8220;revisi\u00f3n ideol\u00f3gica&#8221;,<\/strong>\u00a0por lo que prohibir\u00e1 el ingreso a su pa\u00eds de los adeptos de Ham\u00e1s y extremistas\u00a0musulmanes.<\/p>\n\n\n\n<p>Durante una reuni\u00f3n de campa\u00f1a en Iowa, el magnate anticip\u00f3 que&nbsp;no permitir\u00eda que&nbsp;<strong>&#8220;lun\u00e1ticos peligrosos, personas que transmiten&nbsp;odio, fan\u00e1ticos y mani\u00e1ticos obtengan la residencia en nuestro&nbsp;pa\u00eds&#8221;.<\/strong><\/p>\n\n\n\n<p><strong>Asimismo, remarc\u00f3 que &#8220;Si simpatizan con terroristas radicales&nbsp;isl\u00e1micos y extremistas, quedan descalificados&#8221;, y a\u00f1adi\u00f3 que &#8220;si&nbsp;quieren abolir el Estado de Israel, quedan descalificados. Si&nbsp;apoyan a Ham\u00e1s o a cualquier ideolog\u00eda que tenga algo que ver con&nbsp;eso o con cualquier otra idea enfermiza que pasa por la cabeza de&nbsp;la gente, quedan descalificados&#8221;.<\/strong><\/p>\n\n\n\n<p>Trump se opuso durante su gobierno a que Estados Unidos reciba&nbsp;a inmigrantes de pa\u00edses de \u00c1frica y Oriente Medio, y ratific\u00f3 que&nbsp;durante su presidencia defendi\u00f3 a Israel y tambi\u00e9n a&nbsp;<strong>&#8220;la&nbsp;civilizaci\u00f3n y valores judeo-cristianos&#8221;.<\/strong><\/p>\n\n\n\n<p>Adem\u00e1s, anunci\u00f3 que si vuelve al poder&nbsp;<strong>&#8220;revocaremos las visas&nbsp;de estudiantes de los extranjeros radicales antiamericanos y&nbsp;antisemitas en nuestros colegios y universidades y los enviaremos&nbsp;directamente de regreso a casa&#8221;.<\/strong><\/p>\n\n\n\n<p>Trump, de 77 a\u00f1os, se perfila como el candidato republicano&nbsp;para las elecciones presidenciales de 2024 en las que volver\u00eda a&nbsp;enfrentarse con el dem\u00f3crata&nbsp;<strong>Joe Biden,<\/strong>&nbsp;quien lo venci\u00f3 en los&nbsp;comicios de 2020.<\/p>\n","protected":false},"excerpt":{"rendered":"<p>El magnate hizo menci\u00f3n a una &#8220;revisi\u00f3n ideol\u00f3gica&#8221; para explicar su postura. El ex presidente de Estados\u00a0Unidos\u00a0Donald Trump\u00a0asegur\u00f3 que si retorna a la Casa Blanca\u00a0iniciar\u00e1 una\u00a0&#8220;revisi\u00f3n ideol\u00f3gica&#8221;,\u00a0por lo que prohibir\u00e1&hellip; <\/p>\n","protected":false},"author":4,"featured_media":96041,"comment_status":"closed","ping_status":"open","sticky":false,"template":"","format":"standard","meta":{"footnotes":""},"categories":[11],"tags":[],"class_list":["post-96040","post","type-post","status-publish","format-standard","has-post-thumbnail","hentry","category-internacionales"],"_links":{"self":[{"href":"https:\/\/corrientesdetarde.com\/index.php\/wp-json\/wp\/v2\/posts\/96040","targetHints":{"allow":["GET"]}}],"collection":[{"href":"https:\/\/corrientesdetarde.com\/index.php\/wp-json\/wp\/v2\/posts"}],"about":[{"href":"https:\/\/corrientesdetarde.com\/index.php\/wp-json\/wp\/v2\/types\/post"}],"author":[{"embeddable":true,"href":"https:\/\/corrientesdetarde.com\/index.php\/wp-json\/wp\/v2\/users\/4"}],"replies":[{"embeddable":true,"href":"https:\/\/corrientesdetarde.com\/index.php\/wp-json\/wp\/v2\/comments?post=96040"}],"version-history":[{"count":1,"href":"https:\/\/corrientesdetarde.com\/index.php\/wp-json\/wp\/v2\/posts\/96040\/revisions"}],"predecessor-version":[{"id":96042,"href":"https:\/\/corrientesdetarde.com\/index.php\/wp-json\/wp\/v2\/posts\/96040\/revisions\/96042"}],"wp:featuredmedia":[{"embeddable":true,"href":"https:\/\/corrientesdetarde.com\/index.php\/wp-json\/wp\/v2\/media\/96041"}],"wp:attachment":[{"href":"https:\/\/corrientesdetarde.com\/index.php\/wp-json\/wp\/v2\/media?parent=96040"}],"wp:term":[{"taxonomy":"category","embeddable":true,"href":"https:\/\/corrientesdetarde.com\/index.php\/wp-json\/wp\/v2\/categories?post=96040"},{"taxonomy":"post_tag","embeddable":true,"href":"https:\/\/corrientesdetarde.com\/index.php\/wp-json\/wp\/v2\/tags?post=96040"}],"curies":[{"name":"wp","href":"https:\/\/api.w.org\/{rel}","templated":true}]}}