{"id":96044,"date":"2023-10-18T21:01:28","date_gmt":"2023-10-19T00:01:28","guid":{"rendered":"https:\/\/corrientesdetarde.com\/?p=96044"},"modified":"2023-10-18T21:01:40","modified_gmt":"2023-10-19T00:01:40","slug":"macron-todos-los-estados-europeos-son-vulnerables-al-terrorismo","status":"publish","type":"post","link":"https:\/\/corrientesdetarde.com\/index.php\/internacionales\/macron-todos-los-estados-europeos-son-vulnerables-al-terrorismo\/","title":{"rendered":"Macron: &#8220;Todos los estados europeos son vulnerables&#8221; al terrorismo"},"content":{"rendered":"\n<p>El mandatario franc\u00e9s admiti\u00f3 la inquietud que impera en el Viejo Continente por la escalada de violencia.<\/p>\n\n\n\n<p>Europa est\u00e1\u00a0viendo un aumento del\u00a0<strong>&#8220;terrorismo islamista&#8221;<\/strong>\u00a0y todos los Estados\u00a0est\u00e1n amenazados, dijo este el presidente franc\u00e9s,<strong>\u00a0Emmanuel\u00a0Macron,<\/strong>\u00a0durante una visita a Albania, tras los asesinatos de un profesor en Francia y de dos aficionados al\u00a0f\u00fatbol suecos en B\u00e9lgica.<\/p>\n\n\n\n<p><strong>Macron habl\u00f3 un d\u00eda despu\u00e9s de que un atacante de 45 a\u00f1os, que&nbsp;se identific\u00f3 como miembro del Estado Isl\u00e1mico y se atribuy\u00f3 la&nbsp;responsabilidad en un video publicado en l\u00ednea, mat\u00f3 a los dos&nbsp;fan\u00e1ticos suecos en Bruselas.<\/strong><\/p>\n\n\n\n<p>&#8220;Lo vimos nuevamente en Bruselas.&nbsp;<strong>Todos los estados&nbsp;europeos son vulnerables<\/strong>&nbsp;y, de hecho, hay un resurgimiento del&nbsp;terrorismo islamista&#8221;, dijo Macron despu\u00e9s de conversar con el&nbsp;primer ministro alban\u00e9s,&nbsp;<strong>Edi Rama<\/strong>, en Tirana.<\/p>\n\n\n\n<p>&#8220;Aqu\u00ed reiteramos nuestra solidaridad con nuestros amigos&nbsp;belgas&#8221;, dijo Macron.<\/p>\n\n\n\n<p><strong>A\u00f1adi\u00f3 que en los pr\u00f3ximos d\u00edas o semanas podr\u00eda visitar&nbsp;Israel,<\/strong>&nbsp;en guerra con el grupo islamista Hamas desde que&nbsp;militantes irrumpieron en la valla fronteriza de Gaza y mataron a&nbsp;1.300 personas, principalmente civiles, en un alboroto en las&nbsp;comunidades israel\u00edes cercanas.<\/p>\n\n\n\n<p><strong>&#8220;Mi deseo&#8221;, dijo Macron, &#8220;es poder viajar all\u00ed cuando podamos&nbsp;obtener un acuerdo concreto ya sea sobre la no escalada, o sobre&nbsp;cuestiones humanitarias&#8221;<\/strong>, asever\u00f3.<\/p>\n\n\n\n<p>&#8220;La seguridad de Israel, la lucha contra todos los grupos&nbsp;terroristas, as\u00ed como el proceso de paz y la soluci\u00f3n pol\u00edtica,&nbsp;est\u00e1n todos interconectados&#8221;, afirm\u00f3. &#8220;Esta es la agenda que&nbsp;necesitamos redescubrir&#8221;.<\/p>\n","protected":false},"excerpt":{"rendered":"<p>El mandatario franc\u00e9s admiti\u00f3 la inquietud que impera en el Viejo Continente por la escalada de violencia. Europa est\u00e1\u00a0viendo un aumento del\u00a0&#8220;terrorismo islamista&#8221;\u00a0y todos los Estados\u00a0est\u00e1n amenazados, dijo este el&hellip; <\/p>\n","protected":false},"author":4,"featured_media":96045,"comment_status":"closed","ping_status":"open","sticky":false,"template":"","format":"standard","meta":{"footnotes":""},"categories":[11],"tags":[],"class_list":["post-96044","post","type-post","status-publish","format-standard","has-post-thumbnail","hentry","category-internacionales"],"_links":{"self":[{"href":"https:\/\/corrientesdetarde.com\/index.php\/wp-json\/wp\/v2\/posts\/96044","targetHints":{"allow":["GET"]}}],"collection":[{"href":"https:\/\/corrientesdetarde.com\/index.php\/wp-json\/wp\/v2\/posts"}],"about":[{"href":"https:\/\/corrientesdetarde.com\/index.php\/wp-json\/wp\/v2\/types\/post"}],"author":[{"embeddable":true,"href":"https:\/\/corrientesdetarde.com\/index.php\/wp-json\/wp\/v2\/users\/4"}],"replies":[{"embeddable":true,"href":"https:\/\/corrientesdetarde.com\/index.php\/wp-json\/wp\/v2\/comments?post=96044"}],"version-history":[{"count":1,"href":"https:\/\/corrientesdetarde.com\/index.php\/wp-json\/wp\/v2\/posts\/96044\/revisions"}],"predecessor-version":[{"id":96046,"href":"https:\/\/corrientesdetarde.com\/index.php\/wp-json\/wp\/v2\/posts\/96044\/revisions\/96046"}],"wp:featuredmedia":[{"embeddable":true,"href":"https:\/\/corrientesdetarde.com\/index.php\/wp-json\/wp\/v2\/media\/96045"}],"wp:attachment":[{"href":"https:\/\/corrientesdetarde.com\/index.php\/wp-json\/wp\/v2\/media?parent=96044"}],"wp:term":[{"taxonomy":"category","embeddable":true,"href":"https:\/\/corrientesdetarde.com\/index.php\/wp-json\/wp\/v2\/categories?post=96044"},{"taxonomy":"post_tag","embeddable":true,"href":"https:\/\/corrientesdetarde.com\/index.php\/wp-json\/wp\/v2\/tags?post=96044"}],"curies":[{"name":"wp","href":"https:\/\/api.w.org\/{rel}","templated":true}]}}