{"id":96047,"date":"2023-10-18T21:06:35","date_gmt":"2023-10-19T00:06:35","guid":{"rendered":"https:\/\/corrientesdetarde.com\/?p=96047"},"modified":"2023-10-18T21:06:47","modified_gmt":"2023-10-19T00:06:47","slug":"desde-rusia-acusaron-a-eeuu-por-el-crimen-de-guerra-en-ataque-a-un-hospital-de-gaza","status":"publish","type":"post","link":"https:\/\/corrientesdetarde.com\/index.php\/internacionales\/desde-rusia-acusaron-a-eeuu-por-el-crimen-de-guerra-en-ataque-a-un-hospital-de-gaza\/","title":{"rendered":"Desde Rusia acusaron a EEUU por el &#8220;crimen de guerra&#8221; en ataque a un hospital de Gaza"},"content":{"rendered":"\n<p>El Ministerio de Salud con sede en Gaza adjudic\u00f3 los ataques\u00a0a\u00e9reos a Israel, pero desde ese pa\u00eds responsabilizaron a la organizaci\u00f3n Yihad Isl\u00e1mica.<\/p>\n\n\n\n<p><strong>El vicepresidente del Consejo de&nbsp;Seguridad de Rusia, Dmitry Medvedev, denunci\u00f3 este mi\u00e9rcoles el&nbsp;ataque a un hospital en la Franja de Gaza como un crimen de guerra&nbsp;&#8220;monstruoso&#8221;, del cual los Estados Unidos es responsable.<\/strong>&nbsp;<\/p>\n\n\n\n<p>&#8220;El&nbsp;<strong>monstruoso ataque a un hospital en la Franja de Gaza<\/strong>&nbsp;es sin&nbsp;duda un crimen de guerra. Y la responsabilidad final recae en&nbsp;aquellos que&nbsp; c\u00ednicamente lucran con las guerras en diferentes&nbsp;pa\u00edses y continentes&#8221;, escribi\u00f3 en redes sociales.<\/p>\n\n\n\n<p>Y complet\u00f3 la idea:<strong>&nbsp;&#8220;Aquellos que sin pensar reparten dinero colosal por armas, cargando su complejo militar-industrial. Aquellos que transmiten enga\u00f1osamente su misi\u00f3n global de proteger los valores democr\u00e1ticos. Estoy hablando de los Estados Unidos de Am\u00e9rica&#8221;.<\/strong><\/p>\n\n\n\n<p>El ataque del martes contra el Hospital Bautista Al-Ahli en el&nbsp;centro de la ciudad de Gaza<strong>&nbsp;dej\u00f3 cientos de muertos y&nbsp;heridos.<\/strong><\/p>\n\n\n\n<p><strong>El Ministerio de Salud con sede en Gaza adjudic\u00f3 los ataques&nbsp;a\u00e9reos a Israel, pero el Ej\u00e9rcito de ese pa\u00eds responsabiliz\u00f3 a la organizaci\u00f3n Yihad Isl\u00e1mica, que habr\u00eda lanzado un &#8220;disparo fallido&#8221;.<\/strong><\/p>\n","protected":false},"excerpt":{"rendered":"<p>El Ministerio de Salud con sede en Gaza adjudic\u00f3 los ataques\u00a0a\u00e9reos a Israel, pero desde ese pa\u00eds responsabilizaron a la organizaci\u00f3n Yihad Isl\u00e1mica. El vicepresidente del Consejo de&nbsp;Seguridad de Rusia,&hellip; <\/p>\n","protected":false},"author":4,"featured_media":96048,"comment_status":"closed","ping_status":"open","sticky":false,"template":"","format":"standard","meta":{"footnotes":""},"categories":[11],"tags":[],"class_list":["post-96047","post","type-post","status-publish","format-standard","has-post-thumbnail","hentry","category-internacionales"],"_links":{"self":[{"href":"https:\/\/corrientesdetarde.com\/index.php\/wp-json\/wp\/v2\/posts\/96047","targetHints":{"allow":["GET"]}}],"collection":[{"href":"https:\/\/corrientesdetarde.com\/index.php\/wp-json\/wp\/v2\/posts"}],"about":[{"href":"https:\/\/corrientesdetarde.com\/index.php\/wp-json\/wp\/v2\/types\/post"}],"author":[{"embeddable":true,"href":"https:\/\/corrientesdetarde.com\/index.php\/wp-json\/wp\/v2\/users\/4"}],"replies":[{"embeddable":true,"href":"https:\/\/corrientesdetarde.com\/index.php\/wp-json\/wp\/v2\/comments?post=96047"}],"version-history":[{"count":1,"href":"https:\/\/corrientesdetarde.com\/index.php\/wp-json\/wp\/v2\/posts\/96047\/revisions"}],"predecessor-version":[{"id":96049,"href":"https:\/\/corrientesdetarde.com\/index.php\/wp-json\/wp\/v2\/posts\/96047\/revisions\/96049"}],"wp:featuredmedia":[{"embeddable":true,"href":"https:\/\/corrientesdetarde.com\/index.php\/wp-json\/wp\/v2\/media\/96048"}],"wp:attachment":[{"href":"https:\/\/corrientesdetarde.com\/index.php\/wp-json\/wp\/v2\/media?parent=96047"}],"wp:term":[{"taxonomy":"category","embeddable":true,"href":"https:\/\/corrientesdetarde.com\/index.php\/wp-json\/wp\/v2\/categories?post=96047"},{"taxonomy":"post_tag","embeddable":true,"href":"https:\/\/corrientesdetarde.com\/index.php\/wp-json\/wp\/v2\/tags?post=96047"}],"curies":[{"name":"wp","href":"https:\/\/api.w.org\/{rel}","templated":true}]}}