{"id":96050,"date":"2023-10-18T21:47:11","date_gmt":"2023-10-19T00:47:11","guid":{"rendered":"https:\/\/corrientesdetarde.com\/?p=96050"},"modified":"2023-10-18T21:47:22","modified_gmt":"2023-10-19T00:47:22","slug":"valdes-visito-la-expo-joven-en-libres-espacio-para-que-los-estudiantes-orienten-su-futuro","status":"publish","type":"post","link":"https:\/\/corrientesdetarde.com\/index.php\/destacados\/valdes-visito-la-expo-joven-en-libres-espacio-para-que-los-estudiantes-orienten-su-futuro\/","title":{"rendered":"Vald\u00e9s visit\u00f3 la Expo Joven en Libres, espacio para que los estudiantes &#8220;orienten su futuro&#8221;"},"content":{"rendered":"\n<p>De recorrida por Paso de los Libres, el gobernador Gustavo Vald\u00e9s visit\u00f3 este mi\u00e9rcoles el cierre de la edici\u00f3n 2023 de Expo Joven. Se trata de un evento que recorre toda la provincia de Corrientes para exponer la oferta acad\u00e9mica y laboral, para que &#8220;los estudiantes del \u00faltimo a\u00f1o del nivel secundario descubran su vocaci\u00f3n, orienten su futuro y se vinculen con sus pares a partir de sue\u00f1os y desaf\u00edos comunes&#8221;, expres\u00f3 el primer Mandatario.<\/p>\n\n\n\n<figure class=\"wp-block-image size-large\"><img loading=\"lazy\" decoding=\"async\" width=\"1024\" height=\"676\" src=\"https:\/\/corrientesdetarde.com\/wp-content\/uploads\/2023\/10\/Captura-de-pantalla-2023-10-18-213655-1-1024x676.png\" alt=\"\" class=\"wp-image-96053\" srcset=\"https:\/\/corrientesdetarde.com\/wp-content\/uploads\/2023\/10\/Captura-de-pantalla-2023-10-18-213655-1-1024x676.png 1024w, https:\/\/corrientesdetarde.com\/wp-content\/uploads\/2023\/10\/Captura-de-pantalla-2023-10-18-213655-1-300x198.png 300w, https:\/\/corrientesdetarde.com\/wp-content\/uploads\/2023\/10\/Captura-de-pantalla-2023-10-18-213655-1-768x507.png 768w, https:\/\/corrientesdetarde.com\/wp-content\/uploads\/2023\/10\/Captura-de-pantalla-2023-10-18-213655-1.png 1380w\" sizes=\"auto, (max-width: 1024px) 100vw, 1024px\" \/><\/figure>\n\n\n\n<p>Es la sexta edici\u00f3n del a\u00f1o y tuvo lugar en el Centro de Educaci\u00f3n F\u00edsica (CEF) N\u00b022 de esa ciudad, el cual &#8220;cierra un gran 2023, donde miles de chicos y chicas aprovecharon este espacio&#8221;, remarc\u00f3 el Gobernador. Asimismo, agreg\u00f3 que &#8220;con la energ\u00eda y la esperanza de nuestros j\u00f3venes, construimos una Corrientes con m\u00e1s oportunidades e inclusi\u00f3n&#8221;.<\/p>\n\n\n\n<p>Acompa\u00f1aron a Gustavo Vald\u00e9s, el ministro de Desarrollo de la Provincia, Ad\u00e1n Gaya; y la directora de Juventud, Clara Gortari; entre otros.<\/p>\n","protected":false},"excerpt":{"rendered":"<p>De recorrida por Paso de los Libres, el gobernador Gustavo Vald\u00e9s visit\u00f3 este mi\u00e9rcoles el cierre de la edici\u00f3n 2023 de Expo Joven. Se trata de un evento que recorre&hellip; <\/p>\n","protected":false},"author":4,"featured_media":96052,"comment_status":"closed","ping_status":"open","sticky":false,"template":"","format":"standard","meta":{"footnotes":""},"categories":[26],"tags":[],"class_list":["post-96050","post","type-post","status-publish","format-standard","has-post-thumbnail","hentry","category-destacados"],"_links":{"self":[{"href":"https:\/\/corrientesdetarde.com\/index.php\/wp-json\/wp\/v2\/posts\/96050","targetHints":{"allow":["GET"]}}],"collection":[{"href":"https:\/\/corrientesdetarde.com\/index.php\/wp-json\/wp\/v2\/posts"}],"about":[{"href":"https:\/\/corrientesdetarde.com\/index.php\/wp-json\/wp\/v2\/types\/post"}],"author":[{"embeddable":true,"href":"https:\/\/corrientesdetarde.com\/index.php\/wp-json\/wp\/v2\/users\/4"}],"replies":[{"embeddable":true,"href":"https:\/\/corrientesdetarde.com\/index.php\/wp-json\/wp\/v2\/comments?post=96050"}],"version-history":[{"count":1,"href":"https:\/\/corrientesdetarde.com\/index.php\/wp-json\/wp\/v2\/posts\/96050\/revisions"}],"predecessor-version":[{"id":96054,"href":"https:\/\/corrientesdetarde.com\/index.php\/wp-json\/wp\/v2\/posts\/96050\/revisions\/96054"}],"wp:featuredmedia":[{"embeddable":true,"href":"https:\/\/corrientesdetarde.com\/index.php\/wp-json\/wp\/v2\/media\/96052"}],"wp:attachment":[{"href":"https:\/\/corrientesdetarde.com\/index.php\/wp-json\/wp\/v2\/media?parent=96050"}],"wp:term":[{"taxonomy":"category","embeddable":true,"href":"https:\/\/corrientesdetarde.com\/index.php\/wp-json\/wp\/v2\/categories?post=96050"},{"taxonomy":"post_tag","embeddable":true,"href":"https:\/\/corrientesdetarde.com\/index.php\/wp-json\/wp\/v2\/tags?post=96050"}],"curies":[{"name":"wp","href":"https:\/\/api.w.org\/{rel}","templated":true}]}}