{"id":96059,"date":"2023-10-18T21:55:55","date_gmt":"2023-10-19T00:55:55","guid":{"rendered":"https:\/\/corrientesdetarde.com\/?p=96059"},"modified":"2023-10-18T21:56:07","modified_gmt":"2023-10-19T00:56:07","slug":"el-gobierno-aseguro-que-importadores-solicitaron-de-manera-masiva-el-cambio-de-moneda-de-pago-a-yuanes","status":"publish","type":"post","link":"https:\/\/corrientesdetarde.com\/index.php\/economia\/el-gobierno-aseguro-que-importadores-solicitaron-de-manera-masiva-el-cambio-de-moneda-de-pago-a-yuanes\/","title":{"rendered":"El Gobierno asegur\u00f3 que importadores solicitaron de manera masiva el cambio de moneda de pago a yuanes"},"content":{"rendered":"\n<p>Tras la activaci\u00f3n del segundo tramo del swap y las palabras de Massa sobre acelerar pagos al exterior.<\/p>\n\n\n\n<p>Desde el Gobierno confirmaron que,\u00a0<strong>por\u00a0la activaci\u00f3n del segundo tramo del swap con China<\/strong>\u00a0por el equivalente a 6.500 millones de d\u00f3lares, los importadores solicitan de manera masiva cambio de Siras a yuanes.<\/p>\n\n\n\n<p>La situaci\u00f3n se da&nbsp;<strong>en medio de cr\u00edticas de distintas c\u00e1maras empresariales ante la falta de autorizaci\u00f3n de siras<\/strong>, lo que les imposibilita la importaci\u00f3n de bienes intermedios que necesitan para su producci\u00f3n.<\/p>\n\n\n\n<p>Por este motivo,&nbsp;<strong>la Aduana efectu\u00f3 una notificaci\u00f3n a todos los importadores<\/strong>&nbsp;a trav\u00e9s del Sistema de Comunicaci\u00f3n y Notificaci\u00f3n Electr\u00f3nica Aduanera (SICNEA)&nbsp;<strong>para explicar el procedimiento a llevar a cabo para solicitar el cambio de moneda para cancelar despachos de importaci\u00f3n con Yuanes.<\/strong><\/p>\n\n\n\n<p>Tras las declaraciones del ministro de Econom\u00eda,&nbsp;<strong>Sergio Massa<\/strong>, que celebr\u00f3 la activaci\u00f3n del swap y dijo que \u201ces una enorme noticia para el fortalecimiento de las reservas argentinas, para&nbsp;<strong>de alguna manera acelerar todo lo que es el pago de importaciones pymes,<\/strong>&nbsp;y tambi\u00e9n para tener capacidad de intervenci\u00f3n en mercado.<\/p>\n\n\n\n<p>Luego agreg\u00f3 que&nbsp;<strong>\u201ca partir del d\u00eda de hoy empieza un trabajo de Aduana de la Secretar\u00eda de Comercio del Banco Central para acelerar el pago de importaciones y acelerar los procesos productivos\u201d<\/strong>.<\/p>\n\n\n\n<p>Ayer, la&nbsp;<strong>Uni\u00f3n Industrial Argentina (UIA)<\/strong>&nbsp;tras la reuni\u00f3n de su Junta&nbsp;<strong>reiter\u00f3 su reclamo por el ritmo de&nbsp;aprobaci\u00f3n de importaciones de bienes e insumos&nbsp;<\/strong>y asegur\u00f3 que existe preocupaci\u00f3n en el sector fabril por&nbsp;<strong>el crecimiento de la&nbsp;deuda comercial&nbsp;que acumulan las empresas con proveedores del exterior.<\/strong><\/p>\n\n\n\n<p>\u201cLos sectores y regiones representados en la Junta Directiva de la Uni\u00f3n Industrial Argentina (UIA) advirtieron hoy, nuevamente, que los problemas en el acceso a los insumos necesarios para la producci\u00f3n siguen generando tensiones en las cadenas productivas y en la relaci\u00f3n con los proveedores del exterior. Adem\u00e1s, volvieron a resaltar su preocupaci\u00f3n por la deuda comercial de las industrias argentinas\u201d, explic\u00f3 la entidad fabril a trav\u00e9s de un comunicado.<\/p>\n\n\n\n<p>Durante la reuni\u00f3n se present\u00f3&nbsp;<strong>el estado de la deuda comercial de bienes con proveedores del exterior, que estar\u00eda alcanzando los 40 mil millones de d\u00f3lares<\/strong>, lo que representa un crecimiento cercano al 50% versus 2019.<\/p>\n\n\n\n<p>De este monto,&nbsp;<strong>cerca de la mitad corresponde a la importaci\u00f3n de insumos y bienes de capital para la producci\u00f3n industrial<\/strong>. Sobre este tema, las autoridades destacaron que la deuda comercial correspondiente a las pymes es inferior a los 1800 millones de d\u00f3lares y es importante darle una soluci\u00f3n de corto plazo.&nbsp;<\/p>\n\n\n\n<p>Seguramente,<strong>&nbsp;en esta direcci\u00f3n fueron las declaraciones del ministro Candidato, y las acciones de la Aduana, para agilizar los pagos al exterior con la divisa china<\/strong>.<\/p>\n","protected":false},"excerpt":{"rendered":"<p>Tras la activaci\u00f3n del segundo tramo del swap y las palabras de Massa sobre acelerar pagos al exterior. Desde el Gobierno confirmaron que,\u00a0por\u00a0la activaci\u00f3n del segundo tramo del swap con&hellip; <\/p>\n","protected":false},"author":4,"featured_media":96060,"comment_status":"closed","ping_status":"open","sticky":false,"template":"","format":"standard","meta":{"footnotes":""},"categories":[20],"tags":[],"class_list":["post-96059","post","type-post","status-publish","format-standard","has-post-thumbnail","hentry","category-economia"],"_links":{"self":[{"href":"https:\/\/corrientesdetarde.com\/index.php\/wp-json\/wp\/v2\/posts\/96059","targetHints":{"allow":["GET"]}}],"collection":[{"href":"https:\/\/corrientesdetarde.com\/index.php\/wp-json\/wp\/v2\/posts"}],"about":[{"href":"https:\/\/corrientesdetarde.com\/index.php\/wp-json\/wp\/v2\/types\/post"}],"author":[{"embeddable":true,"href":"https:\/\/corrientesdetarde.com\/index.php\/wp-json\/wp\/v2\/users\/4"}],"replies":[{"embeddable":true,"href":"https:\/\/corrientesdetarde.com\/index.php\/wp-json\/wp\/v2\/comments?post=96059"}],"version-history":[{"count":1,"href":"https:\/\/corrientesdetarde.com\/index.php\/wp-json\/wp\/v2\/posts\/96059\/revisions"}],"predecessor-version":[{"id":96061,"href":"https:\/\/corrientesdetarde.com\/index.php\/wp-json\/wp\/v2\/posts\/96059\/revisions\/96061"}],"wp:featuredmedia":[{"embeddable":true,"href":"https:\/\/corrientesdetarde.com\/index.php\/wp-json\/wp\/v2\/media\/96060"}],"wp:attachment":[{"href":"https:\/\/corrientesdetarde.com\/index.php\/wp-json\/wp\/v2\/media?parent=96059"}],"wp:term":[{"taxonomy":"category","embeddable":true,"href":"https:\/\/corrientesdetarde.com\/index.php\/wp-json\/wp\/v2\/categories?post=96059"},{"taxonomy":"post_tag","embeddable":true,"href":"https:\/\/corrientesdetarde.com\/index.php\/wp-json\/wp\/v2\/tags?post=96059"}],"curies":[{"name":"wp","href":"https:\/\/api.w.org\/{rel}","templated":true}]}}