{"id":96065,"date":"2023-10-18T22:26:22","date_gmt":"2023-10-19T01:26:22","guid":{"rendered":"https:\/\/corrientesdetarde.com\/?p=96065"},"modified":"2023-10-18T22:26:33","modified_gmt":"2023-10-19T01:26:33","slug":"anibal-lotocki-se-entrego-luego-de-que-la-justicia-ordenara-su-arresto","status":"publish","type":"post","link":"https:\/\/corrientesdetarde.com\/index.php\/crimen-y-justicia\/anibal-lotocki-se-entrego-luego-de-que-la-justicia-ordenara-su-arresto\/","title":{"rendered":"An\u00edbal Lotocki Se entreg\u00f3 luego de que la Justicia ordenara su arresto"},"content":{"rendered":"\n<p>Luego de que esta ma\u00f1ana la Sala IV de la C\u00e1mara Criminal y Correccional decidiera ordenar la detenci\u00f3n inmediata de An\u00edbal Lotocki, procesado por el delito de\u00a0homicidio simple\u00a0de\u00a0Rodolfo Cristian Z\u00e1rate\u00a0(50), el acusado\u00a0se entreg\u00f3 a la Justicia. Lo hizo en una dependencia de la Polic\u00eda Federal de la ciudad de La Plata.<\/p>\n\n\n\n<p>As\u00ed, Lotocki qued\u00f3 detenido este mi\u00e9rcoles en el marco del expediente por el crimen del empresario Z\u00e1rate, de Campana, quien falleci\u00f3 tras someterse a una cirug\u00eda en una cl\u00ednica de Caballito en 2021. El m\u00e9dico no solo est\u00e1 acusado de la muerte del paciente: tambi\u00e9n fue imputado por la falsificaci\u00f3n de registros m\u00e9dicos.<\/p>\n\n\n\n<p>Hay que recordar que Lotocki ya hab\u00eda sido condenado en 2022 por el Tribunal Oral en lo Crimina N\u00b028 a cuatro a\u00f1os de c\u00e1rcel por las lesiones graves que sufri\u00f3 Silvina Luna, entre otras pacientes suyas, como Pamela Sosa y Estefan\u00eda Xipolitakis.<\/p>\n\n\n\n<p>&#8220;En ese sentido, al monto y modo en el que inexorablemente deber\u00e1 ser cumplida la pena en expectativa y las consecuencias de su eventual acumulaci\u00f3n con la sentencia anterior, se agrega la gravedad de las imputaciones que han merecido hasta el momento un pronunciamiento en acorde a los art\u00edculos 306 y 308 del C\u00f3digo Procesal Penal de la Naci\u00f3n&#8221;, afirmaron los jueces Hern\u00e1n L\u00f3pez, Ignacio Rodr\u00edguez Varela y Julio Luciani en la resoluci\u00f3n a la que accedi\u00f3 este medio donde se ordena su arresto.<\/p>\n","protected":false},"excerpt":{"rendered":"<p>Luego de que esta ma\u00f1ana la Sala IV de la C\u00e1mara Criminal y Correccional decidiera ordenar la detenci\u00f3n inmediata de An\u00edbal Lotocki, procesado por el delito de\u00a0homicidio simple\u00a0de\u00a0Rodolfo Cristian Z\u00e1rate\u00a0(50),&hellip; <\/p>\n","protected":false},"author":4,"featured_media":96066,"comment_status":"closed","ping_status":"open","sticky":false,"template":"","format":"standard","meta":{"footnotes":""},"categories":[5],"tags":[],"class_list":["post-96065","post","type-post","status-publish","format-standard","has-post-thumbnail","hentry","category-crimen-y-justicia"],"_links":{"self":[{"href":"https:\/\/corrientesdetarde.com\/index.php\/wp-json\/wp\/v2\/posts\/96065","targetHints":{"allow":["GET"]}}],"collection":[{"href":"https:\/\/corrientesdetarde.com\/index.php\/wp-json\/wp\/v2\/posts"}],"about":[{"href":"https:\/\/corrientesdetarde.com\/index.php\/wp-json\/wp\/v2\/types\/post"}],"author":[{"embeddable":true,"href":"https:\/\/corrientesdetarde.com\/index.php\/wp-json\/wp\/v2\/users\/4"}],"replies":[{"embeddable":true,"href":"https:\/\/corrientesdetarde.com\/index.php\/wp-json\/wp\/v2\/comments?post=96065"}],"version-history":[{"count":1,"href":"https:\/\/corrientesdetarde.com\/index.php\/wp-json\/wp\/v2\/posts\/96065\/revisions"}],"predecessor-version":[{"id":96067,"href":"https:\/\/corrientesdetarde.com\/index.php\/wp-json\/wp\/v2\/posts\/96065\/revisions\/96067"}],"wp:featuredmedia":[{"embeddable":true,"href":"https:\/\/corrientesdetarde.com\/index.php\/wp-json\/wp\/v2\/media\/96066"}],"wp:attachment":[{"href":"https:\/\/corrientesdetarde.com\/index.php\/wp-json\/wp\/v2\/media?parent=96065"}],"wp:term":[{"taxonomy":"category","embeddable":true,"href":"https:\/\/corrientesdetarde.com\/index.php\/wp-json\/wp\/v2\/categories?post=96065"},{"taxonomy":"post_tag","embeddable":true,"href":"https:\/\/corrientesdetarde.com\/index.php\/wp-json\/wp\/v2\/tags?post=96065"}],"curies":[{"name":"wp","href":"https:\/\/api.w.org\/{rel}","templated":true}]}}