{"id":96068,"date":"2023-10-18T22:51:28","date_gmt":"2023-10-19T01:51:28","guid":{"rendered":"https:\/\/corrientesdetarde.com\/?p=96068"},"modified":"2023-10-18T22:51:33","modified_gmt":"2023-10-19T01:51:33","slug":"revelan-cuales-fueron-los-motivos-de-la-separacion-de-locho-loccisano-y-majo-martino-el-se-canso-de-ser-un-pollerudo","status":"publish","type":"post","link":"https:\/\/corrientesdetarde.com\/index.php\/espectaculos\/revelan-cuales-fueron-los-motivos-de-la-separacion-de-locho-loccisano-y-majo-martino-el-se-canso-de-ser-un-pollerudo\/","title":{"rendered":"Revelan cu\u00e1les fueron los motivos de la separaci\u00f3n de Locho Loccisano y Majo Martino: \u201c\u00c9l se cans\u00f3 de ser un pollerudo\u201d"},"content":{"rendered":"\n<p>Las celebridades se hab\u00edan conocido en \u201cEl Hotel de los Famosos\u201d y hab\u00edan comenzado una relaci\u00f3n all\u00ed. Yanina Latorre revel\u00f3 los motivos por el cual terminaron su noviazgo.\u00a0<\/p>\n\n\n\n<p><strong>Majo Martino<\/strong>&nbsp;y&nbsp;<strong>Locho Loccisano<\/strong>&nbsp;anunciaron su separaci\u00f3n tras estar en pareja desde su participaci\u00f3n en<em>&nbsp;\u201cEl Hotel de los Famosos\u201d<\/em>. Este lunes, ambos confirmaron que ya no est\u00e1n m\u00e1s juntos en sus redes sociales.<\/p>\n\n\n\n<p>Sin embargo,&nbsp;<strong>Yanina Latorre<\/strong>&nbsp;revel\u00f3 los verdaderos motivos por los que la pareja habr\u00eda decidido ponerle fin a su relaci\u00f3n. Seg\u00fan la panelista de&nbsp;<em>LAM<\/em>, el artista se habr\u00eda cansado de Majo.&nbsp;<strong>\u201cElla era muy mandona. \u00c9l muy pollerudo. Ella le dec\u00eda qu\u00e9 hacer, lo que pod\u00eda hacer, lo que ten\u00eda que declarar, a d\u00f3nde ir, con qui\u00e9n juntarte del medio, mucha indicaci\u00f3n\u201d<\/strong>, explic\u00f3 Latorre.&nbsp;<\/p>\n\n\n\n<p><strong>\u201cElla era la famosa de la pareja y la que manejaba lo que pasaba con la relaci\u00f3n\u201d<\/strong>, a\u00f1adi\u00f3 Yanina y continu\u00f3: \u201cPor eso, ella se fue a Par\u00eds con la hermana apenas terminaron de cortar\u201d.&nbsp;<\/p>\n\n\n\n<p>Para Yanina, Locho y Majo empezaron a tener problemas en su relaci\u00f3n porque<strong>&nbsp;\u201c\u00e9l no estaba c\u00f3modo con que ella le dijera todo lo que ten\u00eda que hacer\u201d<\/strong>. Adem\u00e1s, asegur\u00f3 que el propio Locho le habr\u00eda dicho:&nbsp;<strong>\u201cMe cans\u00e9 de ser un pollerudo\u201d.&nbsp;<\/strong><\/p>\n\n\n\n<h2 class=\"wp-block-heading\">La separaci\u00f3n de Locho Loccisano y Majo Martino<\/h2>\n\n\n\n<figure class=\"wp-block-image\"><img decoding=\"async\" src=\"https:\/\/noticiasargentinas.com\/images\/NA\/Contenidos\/lochoymajo.webp\" alt=\"lochoymajo\"\/><\/figure>\n\n\n\n<p>Tras algunas semanas de rumores de ruptura entre Locho y Majo, la pareja decidi\u00f3 confirmar su ruptura a trav\u00e9s de un posteo en las historias de Instagram.<\/p>\n\n\n\n<p>\u201cMajo Martino y yo queremos compartir con ustedes que<strong>&nbsp;hemos decidido tomar caminos separados en nuestras vidas.<\/strong>&nbsp;Esta no es una decisi\u00f3n que tomamos a la ligera, pero creemos que es lo mejor para ambos en este momento\u201d, escribi\u00f3 Locho y a\u00f1adi\u00f3:&nbsp;<strong>\u201cQueremos agradecerles por el apoyo constante que nos han brindado a lo largo de la relaci\u00f3n. Apreciamos su comprensi\u00f3n y respeto en este momento delicado\u201d<\/strong>.&nbsp;<\/p>\n\n\n\n<p>Adem\u00e1s, el cantautor le hizo un pedido especial a sus seguidores para que no nombren m\u00e1s a su ex pareja:<strong>&nbsp;\u201cUno de los objetivos m\u00edos personales es que dejen de escribir: \u2018Y Majo y Majo, y Majo y Majo\u2019. Porque me resulta realmente intolerable. Tanto en redes como en persona, gracias\u201d.<\/strong><\/p>\n\n\n\n<p>Por su parte, la periodista tambi\u00e9n anunci\u00f3 la separaci\u00f3n. \u201cMi gente linda, este mensaje es para ustedes que no dejan de preguntar que pas\u00f3 con Locho.&nbsp;<strong>Quiero contarles que nos separamos&#8230; decidimos hacerlo a\u00fan am\u00e1ndonos pero creemos que es lo mejor para nosotros en este momento de nuestras vidas<\/strong>, aunque duela\u201d, cont\u00f3.<\/p>\n\n\n\n<p>Y a\u00f1adi\u00f3: \u201cEspero sepan entender los tiempos de poder decirlo, pero a veces primero uno tiene que internalizar y procesar la idea para poder comunicarla. Quiero agradecerles el apoyo y el amor que tienen y tuvieron siempre con nosotros. Nos han hecho muy felices\u201d.&nbsp;<\/p>\n","protected":false},"excerpt":{"rendered":"<p>Las celebridades se hab\u00edan conocido en \u201cEl Hotel de los Famosos\u201d y hab\u00edan comenzado una relaci\u00f3n all\u00ed. Yanina Latorre revel\u00f3 los motivos por el cual terminaron su noviazgo.\u00a0 Majo Martino&nbsp;y&nbsp;Locho&hellip; <\/p>\n","protected":false},"author":4,"featured_media":96069,"comment_status":"closed","ping_status":"open","sticky":false,"template":"","format":"standard","meta":{"footnotes":""},"categories":[19],"tags":[],"class_list":["post-96068","post","type-post","status-publish","format-standard","has-post-thumbnail","hentry","category-espectaculos"],"_links":{"self":[{"href":"https:\/\/corrientesdetarde.com\/index.php\/wp-json\/wp\/v2\/posts\/96068","targetHints":{"allow":["GET"]}}],"collection":[{"href":"https:\/\/corrientesdetarde.com\/index.php\/wp-json\/wp\/v2\/posts"}],"about":[{"href":"https:\/\/corrientesdetarde.com\/index.php\/wp-json\/wp\/v2\/types\/post"}],"author":[{"embeddable":true,"href":"https:\/\/corrientesdetarde.com\/index.php\/wp-json\/wp\/v2\/users\/4"}],"replies":[{"embeddable":true,"href":"https:\/\/corrientesdetarde.com\/index.php\/wp-json\/wp\/v2\/comments?post=96068"}],"version-history":[{"count":1,"href":"https:\/\/corrientesdetarde.com\/index.php\/wp-json\/wp\/v2\/posts\/96068\/revisions"}],"predecessor-version":[{"id":96070,"href":"https:\/\/corrientesdetarde.com\/index.php\/wp-json\/wp\/v2\/posts\/96068\/revisions\/96070"}],"wp:featuredmedia":[{"embeddable":true,"href":"https:\/\/corrientesdetarde.com\/index.php\/wp-json\/wp\/v2\/media\/96069"}],"wp:attachment":[{"href":"https:\/\/corrientesdetarde.com\/index.php\/wp-json\/wp\/v2\/media?parent=96068"}],"wp:term":[{"taxonomy":"category","embeddable":true,"href":"https:\/\/corrientesdetarde.com\/index.php\/wp-json\/wp\/v2\/categories?post=96068"},{"taxonomy":"post_tag","embeddable":true,"href":"https:\/\/corrientesdetarde.com\/index.php\/wp-json\/wp\/v2\/tags?post=96068"}],"curies":[{"name":"wp","href":"https:\/\/api.w.org\/{rel}","templated":true}]}}