{"id":96071,"date":"2023-10-18T22:52:34","date_gmt":"2023-10-19T01:52:34","guid":{"rendered":"https:\/\/corrientesdetarde.com\/?p=96071"},"modified":"2023-10-18T22:52:45","modified_gmt":"2023-10-19T01:52:45","slug":"britney-spears-confeso-que-aborto-cuando-estaba-en-pareja-con-justin-timberlake-el-no-queria-ser-padre","status":"publish","type":"post","link":"https:\/\/corrientesdetarde.com\/index.php\/espectaculos\/britney-spears-confeso-que-aborto-cuando-estaba-en-pareja-con-justin-timberlake-el-no-queria-ser-padre\/","title":{"rendered":"Britney Spears confes\u00f3 que abort\u00f3 cuando estaba en pareja con Justin Timberlake: \u201c\u00c9l no quer\u00eda ser padre\u201d"},"content":{"rendered":"\n<p>La cantante y el m\u00fasico estuvieron en pareja durante casi 12 a\u00f1os. Britney lanzar\u00e1 sus memorias la pr\u00f3xima semana y revel\u00f3 detalles sobre su relaci\u00f3n con Timberlake.<\/p>\n\n\n\n<p>Britney Spears lanzar\u00e1<strong>&nbsp;&#8220;La mujer en mi&#8221;<\/strong>&nbsp;el pr\u00f3ximo 24 de octubre y adelant\u00f3 detalles que se podr\u00e1n leer en sus&nbsp;<strong>memorias<\/strong>. La cantante estadounidense revel\u00f3 secretos sobre su relaci\u00f3n con&nbsp;<strong>Justin Timberlake<\/strong>, quien fue su pareja desde 1990 a 2002.&nbsp;<\/p>\n\n\n\n<p>Seg\u00fan sus declaraciones, la int\u00e9rprete de \u201cToxic\u201d<strong>&nbsp;habr\u00eda abortado un hijo del cantante de NSYNC<\/strong>. En el libro explica que a finales de los 2000 se enter\u00f3 que estaba embarazada y acordaron abortar ya que&nbsp;<strong>\u201c\u00e9l no quer\u00eda ser padre\u201d.&nbsp;<\/strong><\/p>\n\n\n\n<p>La actriz confes\u00f3 que ella fue criada para no abortar y esta fue una decisi\u00f3n muy dif\u00edcil.&nbsp;<strong>\u201cFue una sorpresa, pero para m\u00ed no fue una tragedia. Quer\u00eda mucho a Justin. Siempre esper\u00e9 que alg\u00fan d\u00eda tuvi\u00e9ramos una familia juntos. Esto s\u00f3lo ser\u00eda mucho antes de lo que hab\u00eda previsto\u201d<\/strong>, cont\u00f3 la cantante.&nbsp;<\/p>\n\n\n\n<p>Y a\u00f1adi\u00f3:&nbsp;<strong>\u201cJustin definitivamente no estaba contento con el embarazo. Dec\u00eda que no est\u00e1bamos preparados para tener un beb\u00e9 en nuestras vidas, que \u00e9ramos demasiado j\u00f3venes\u201d.<\/strong>&nbsp;<\/p>\n\n\n\n<figure class=\"wp-block-image\"><img decoding=\"async\" src=\"https:\/\/noticiasargentinas.com\/images\/NA\/Contenidos\/justinybritney.webp\" alt=\"justinybritney\"\/><\/figure>\n\n\n\n<p>Por su parte, Spears declar\u00f3 en su memoria que si la decisi\u00f3n hubiera dependido solamente por ella, nunca se habr\u00eda sometido a ese procedimiento.&nbsp;<strong>\u201cFue una de las cosas m\u00e1s angustiantes\u201d<\/strong>, revel\u00f3.&nbsp;<\/p>\n\n\n\n<p>Por otra parte, la referente del pop en todo el mundo expres\u00f3 su alegr\u00eda por poder contar su historia sin la tutela de su padre.<strong>&nbsp;\u201cDespu\u00e9s de salir de mi tutela, finalmente fui libre de contar mi historia sin consecuencias por parte de las personas a cargo de mi vida\u201d<\/strong>, sostuvo.&nbsp;<\/p>\n\n\n\n<p>Tambi\u00e9n, explic\u00f3 uno de los momentos m\u00e1s medi\u00e1ticos de toda su carrera: cuando se rap\u00f3 la cabeza. \u201cMe hab\u00edan observado mucho mientras crec\u00eda. Me miraron de arriba abajo, la gente me dec\u00eda lo que pensaban de mi cuerpo, desde que era adolescente.<strong>&nbsp;Afeitarme la cabeza y comportarme mal eran mis formas de contraatacar<\/strong>\u201d, cont\u00f3.&nbsp;<\/p>\n\n\n\n<p>Un a\u00f1o despu\u00e9s de este episodio, la cantante qued\u00f3 bajo la tutela de su padre y fue sometida a tratamientos para tratar su salud mental. \u201cTuve que dejarme crecer el pelo y volver a estar en forma.&nbsp;<strong>Ten\u00eda que acostarme temprano y tomar cualquier medicamento que me dijeran<\/strong>\u201d, confes\u00f3 Britney.<\/p>\n\n\n\n<figure class=\"wp-block-image\"><img decoding=\"async\" src=\"https:\/\/noticiasargentinas.com\/images\/NA\/Contenidos\/britney_rapada.webp\" alt=\"britney rapada\"\/><\/figure>\n","protected":false},"excerpt":{"rendered":"<p>La cantante y el m\u00fasico estuvieron en pareja durante casi 12 a\u00f1os. Britney lanzar\u00e1 sus memorias la pr\u00f3xima semana y revel\u00f3 detalles sobre su relaci\u00f3n con Timberlake. Britney Spears lanzar\u00e1&nbsp;&#8220;La&hellip; <\/p>\n","protected":false},"author":4,"featured_media":96072,"comment_status":"closed","ping_status":"open","sticky":false,"template":"","format":"standard","meta":{"footnotes":""},"categories":[19],"tags":[],"class_list":["post-96071","post","type-post","status-publish","format-standard","has-post-thumbnail","hentry","category-espectaculos"],"_links":{"self":[{"href":"https:\/\/corrientesdetarde.com\/index.php\/wp-json\/wp\/v2\/posts\/96071","targetHints":{"allow":["GET"]}}],"collection":[{"href":"https:\/\/corrientesdetarde.com\/index.php\/wp-json\/wp\/v2\/posts"}],"about":[{"href":"https:\/\/corrientesdetarde.com\/index.php\/wp-json\/wp\/v2\/types\/post"}],"author":[{"embeddable":true,"href":"https:\/\/corrientesdetarde.com\/index.php\/wp-json\/wp\/v2\/users\/4"}],"replies":[{"embeddable":true,"href":"https:\/\/corrientesdetarde.com\/index.php\/wp-json\/wp\/v2\/comments?post=96071"}],"version-history":[{"count":1,"href":"https:\/\/corrientesdetarde.com\/index.php\/wp-json\/wp\/v2\/posts\/96071\/revisions"}],"predecessor-version":[{"id":96073,"href":"https:\/\/corrientesdetarde.com\/index.php\/wp-json\/wp\/v2\/posts\/96071\/revisions\/96073"}],"wp:featuredmedia":[{"embeddable":true,"href":"https:\/\/corrientesdetarde.com\/index.php\/wp-json\/wp\/v2\/media\/96072"}],"wp:attachment":[{"href":"https:\/\/corrientesdetarde.com\/index.php\/wp-json\/wp\/v2\/media?parent=96071"}],"wp:term":[{"taxonomy":"category","embeddable":true,"href":"https:\/\/corrientesdetarde.com\/index.php\/wp-json\/wp\/v2\/categories?post=96071"},{"taxonomy":"post_tag","embeddable":true,"href":"https:\/\/corrientesdetarde.com\/index.php\/wp-json\/wp\/v2\/tags?post=96071"}],"curies":[{"name":"wp","href":"https:\/\/api.w.org\/{rel}","templated":true}]}}