{"id":96074,"date":"2023-10-18T23:02:13","date_gmt":"2023-10-19T02:02:13","guid":{"rendered":"https:\/\/corrientesdetarde.com\/?p=96074"},"modified":"2023-10-18T23:02:25","modified_gmt":"2023-10-19T02:02:25","slug":"soledad-silveyra-y-osvaldo-laport-volveran-a-hacer-ficcion-juntos-tras-19-anos","status":"publish","type":"post","link":"https:\/\/corrientesdetarde.com\/index.php\/espectaculos\/soledad-silveyra-y-osvaldo-laport-volveran-a-hacer-ficcion-juntos-tras-19-anos\/","title":{"rendered":"Soledad Silveyra y Osvaldo Laport volver\u00e1n a hacer ficci\u00f3n juntos tras 19 a\u00f1os"},"content":{"rendered":"\n<p>Los actores que protagonizaron Amor en Custodia y Campeones realizar\u00e1n temporada de teatro juntos.<\/p>\n\n\n\n<p><strong>Soledad Silveyra<\/strong>&nbsp;y&nbsp;<strong>Osvaldo Laport<\/strong>&nbsp;son una de las parejas de ficci\u00f3n m\u00e1s queridas por el p\u00fablico argentino. Los actores lograron ser recordados como un d\u00fao tras protagonizar las novelas&nbsp;<em><strong>Campeones<\/strong>&nbsp;<\/em>y&nbsp;<em><strong>Amor en Custodia.&nbsp;<\/strong><\/em><\/p>\n\n\n\n<figure class=\"wp-block-image\"><img decoding=\"async\" src=\"https:\/\/noticiasargentinas.com\/images\/NA\/Contenidos\/Soledad_silveyra_y_osvaldo_laport_2.webp\" alt=\"Soledad silveyra y osvaldo laport 2\"\/><\/figure>\n\n\n\n<p>Desde 2005, cuando finaliz\u00f3 la novela en la que tambi\u00e9n participaba&nbsp;<strong>Sebasti\u00e1n Estevan\u00e9z<\/strong>, los actores no volvieron a trabajar juntos. Sin embargo, en la pr\u00f3xima temporada de verano<strong>&nbsp;Solita y Laport<\/strong>&nbsp;<strong>se reencontrar\u00e1n en el teatro<\/strong>. De la obra tambi\u00e9n participar\u00e1&nbsp;<strong>Julieta Ortega<\/strong>.&nbsp;<\/p>\n\n\n\n<p>La noticia la comparti\u00f3 Soledad Silveyra en sus redes sociales y sorprendi\u00f3 a sus seguidores.&nbsp;<strong>\u201c\u00bfQu\u00e9 me dicen de esta sorpresa?\u201d<\/strong>, escribi\u00f3 la actriz al revelar la informaci\u00f3n.&nbsp;<strong>\u201cSer\u00e1 bello volver a jugar en el arte contigo cumpa querida\u201d<\/strong>, contest\u00f3 el actor.<\/p>\n\n\n\n<figure class=\"wp-block-image\"><img decoding=\"async\" src=\"https:\/\/noticiasargentinas.com\/images\/NA\/Contenidos\/solita_y_laport.webp\" alt=\"solita y laport\"\/><\/figure>\n\n\n\n<p>Soledad y Osvaldo protagonizar\u00e1n&nbsp;<strong>\u201cLa fuerza del Cari\u00f1o\u201d<\/strong>, esta historia es una adaptaci\u00f3n de la pel\u00edcula que protagonizaron&nbsp;<strong>Jack Nicholson<\/strong>&nbsp;y&nbsp;<strong>Shirley MacLain<\/strong>. Los actores ya comenzaron a ensayar para la obra y se reunieron con la directora teatral&nbsp;<strong>Corina Fiorillo<\/strong>&nbsp;y&nbsp;<strong>Leo Cifelli<\/strong>.&nbsp;<\/p>\n\n\n\n<p>Aunque hasta el momento se desconoce el teatro en el que se lanzar\u00e1 la obra, se sabe que debutar\u00e1n en enero de 2024 en alguno de los establecimientos de&nbsp;<strong>Carlos Rottenberg<\/strong>&nbsp;en&nbsp;<strong>Buenos Aires<\/strong>.&nbsp;<\/p>\n","protected":false},"excerpt":{"rendered":"<p>Los actores que protagonizaron Amor en Custodia y Campeones realizar\u00e1n temporada de teatro juntos. Soledad Silveyra&nbsp;y&nbsp;Osvaldo Laport&nbsp;son una de las parejas de ficci\u00f3n m\u00e1s queridas por el p\u00fablico argentino. Los&hellip; <\/p>\n","protected":false},"author":4,"featured_media":96075,"comment_status":"closed","ping_status":"open","sticky":false,"template":"","format":"standard","meta":{"footnotes":""},"categories":[19],"tags":[],"class_list":["post-96074","post","type-post","status-publish","format-standard","has-post-thumbnail","hentry","category-espectaculos"],"_links":{"self":[{"href":"https:\/\/corrientesdetarde.com\/index.php\/wp-json\/wp\/v2\/posts\/96074","targetHints":{"allow":["GET"]}}],"collection":[{"href":"https:\/\/corrientesdetarde.com\/index.php\/wp-json\/wp\/v2\/posts"}],"about":[{"href":"https:\/\/corrientesdetarde.com\/index.php\/wp-json\/wp\/v2\/types\/post"}],"author":[{"embeddable":true,"href":"https:\/\/corrientesdetarde.com\/index.php\/wp-json\/wp\/v2\/users\/4"}],"replies":[{"embeddable":true,"href":"https:\/\/corrientesdetarde.com\/index.php\/wp-json\/wp\/v2\/comments?post=96074"}],"version-history":[{"count":1,"href":"https:\/\/corrientesdetarde.com\/index.php\/wp-json\/wp\/v2\/posts\/96074\/revisions"}],"predecessor-version":[{"id":96076,"href":"https:\/\/corrientesdetarde.com\/index.php\/wp-json\/wp\/v2\/posts\/96074\/revisions\/96076"}],"wp:featuredmedia":[{"embeddable":true,"href":"https:\/\/corrientesdetarde.com\/index.php\/wp-json\/wp\/v2\/media\/96075"}],"wp:attachment":[{"href":"https:\/\/corrientesdetarde.com\/index.php\/wp-json\/wp\/v2\/media?parent=96074"}],"wp:term":[{"taxonomy":"category","embeddable":true,"href":"https:\/\/corrientesdetarde.com\/index.php\/wp-json\/wp\/v2\/categories?post=96074"},{"taxonomy":"post_tag","embeddable":true,"href":"https:\/\/corrientesdetarde.com\/index.php\/wp-json\/wp\/v2\/tags?post=96074"}],"curies":[{"name":"wp","href":"https:\/\/api.w.org\/{rel}","templated":true}]}}