{"id":96077,"date":"2023-10-18T23:09:12","date_gmt":"2023-10-19T02:09:12","guid":{"rendered":"https:\/\/corrientesdetarde.com\/?p=96077"},"modified":"2023-10-18T23:17:41","modified_gmt":"2023-10-19T02:17:41","slug":"evacuaron-varios-aeropuertos-en-europa-por-amenaza-de-atentados","status":"publish","type":"post","link":"https:\/\/corrientesdetarde.com\/index.php\/internacionales\/evacuaron-varios-aeropuertos-en-europa-por-amenaza-de-atentados\/","title":{"rendered":"Evacuaron varios aeropuertos en Europa por amenaza de atentados"},"content":{"rendered":"\n<p>Adem\u00e1s, por tercera vez desde el s\u00e1bado, desalojaron el Palacio de Versalles por &#8220;cuestiones de seguridad&#8221;.\u00a0<\/p>\n\n\n\n<p><strong>Varios aeropuertos de Francia fueron evacuados<\/strong>&nbsp;luego de que las autoridades recibieran&nbsp;<strong>amenazas de atentados<\/strong>&nbsp;por mail.&nbsp;Adem\u00e1s, por tercera vez desde el s\u00e1bado,&nbsp;<strong>desalojaron el Palacio de Versalles<\/strong>&nbsp;por &#8220;cuestiones de seguridad&#8221;.&nbsp;<\/p>\n\n\n\n<p>Los aeropuertos afectados por las cuestiones internacionales en torno a la guerra en Israel son los de<strong>&nbsp;Lille, Lyon (Bron), Nantes, Niza, Toulouse y Beauvais,&nbsp;<\/strong>en tanto que horas m\u00e1s tarde se produjo otra situaci\u00f3n de alarma en la vecina B\u00e9lgica<strong>.&nbsp;<\/strong><\/p>\n\n\n\n<p>Las amenazas se incrementaron con el paso de los d\u00edas luego de que el viernes pasado\u00a0<strong>un joven yihadista\u00a0asesin\u00f3 a un profesor de historia.<\/strong>\u00a0Por este caso, el Gobierno\u00a0elev\u00f3 al m\u00e1ximo su\u00a0<strong>alerta antiterrorista.<\/strong><\/p>\n\n\n\n<figure class=\"wp-block-image size-full\"><img loading=\"lazy\" decoding=\"async\" width=\"859\" height=\"462\" src=\"https:\/\/corrientesdetarde.com\/wp-content\/uploads\/2023\/10\/image-541.png\" alt=\"\" class=\"wp-image-96080\" srcset=\"https:\/\/corrientesdetarde.com\/wp-content\/uploads\/2023\/10\/image-541.png 859w, https:\/\/corrientesdetarde.com\/wp-content\/uploads\/2023\/10\/image-541-300x161.png 300w, https:\/\/corrientesdetarde.com\/wp-content\/uploads\/2023\/10\/image-541-768x413.png 768w\" sizes=\"auto, (max-width: 859px) 100vw, 859px\" \/><figcaption><em>El Palacio de Versalles debi\u00f3 evacuar el edificio<\/em><\/figcaption><\/figure>\n\n\n\n<p><\/p>\n\n\n\n<p>El primer aeropuerto en comunicar la&nbsp;<strong>reanudaci\u00f3n de las operaciones fue el Lyon<\/strong>&nbsp;que a trav\u00e9s de su p\u00e1gina web inform\u00f3 que se trat\u00f3 de una&nbsp;<strong>\u201cfalsa alerta\u201d.<\/strong>&nbsp;El&nbsp;<strong>Niza<\/strong>&nbsp;indic\u00f3 que fue una&nbsp;<strong>evacuaci\u00f3n parcial<\/strong>&nbsp;y se debi\u00f3 a la presencia de un&nbsp;<strong>paquete sospechoso.<\/strong><\/p>\n\n\n\n<p>Con respecto al&nbsp;<strong>Lille<\/strong>, se\u00f1alaron que&nbsp;<strong>ya fue controlada la situaci\u00f3n<\/strong>&nbsp;por lo que los empleados y pasajeros pueden volver a las estaciones.&nbsp;En&nbsp;<strong>Nantes<\/strong>, cerca de 1.000 personas fueron evacuadas tambi\u00e9n por un&nbsp;<strong>paquete sospechoso.&nbsp;<\/strong><\/p>\n\n\n\n<p>Acerca del aeropuerto de&nbsp;<strong>Toulouse<\/strong>, el cielo a\u00e9reo se vio<strong>&nbsp;\u201cfuertemente perturbado\u201d<\/strong>&nbsp;por&nbsp;una alerta de bomba.<\/p>\n\n\n\n<p>Ante el avance significativo de amenazas, el Gobierno confirm\u00f3 el&nbsp;<strong>despliegue de 10 mil polic\u00edas y gendarmes<\/strong>&nbsp;que reciben el apoyo de&nbsp;<strong>siete mil&nbsp;militares de la misi\u00f3n Centinela.<\/strong><\/p>\n\n\n\n<p>Desde el comienzo de la guerra en Israel, la&nbsp;<strong>situaci\u00f3n en Europa es cr\u00edtica<\/strong>&nbsp;ya que se notificaron diversos ataques y amenazas relacionadas a la situaci\u00f3n del Hamas.&nbsp;<\/p>\n\n\n\n<h2 class=\"wp-block-heading\">Alarma en B\u00e9lgica<\/h2>\n\n\n\n<p><strong>Una amenaza de bomba provoc\u00f3 este mi\u00e9rcoles la evacuaci\u00f3n del aeropuerto de Ostend-Bruges, en el noroeste de B\u00e9lgica, dos d\u00edas despu\u00e9s de que dos personas murieron en un tiroteo mortal en el centro de Bruselas.<\/strong><\/p>\n\n\n\n<p><strong>Luego de la amenaza, los vuelos programados en el aeropuerto de Ostend-Bruges fueron desviados al aeropuerto de Bruselas.<\/strong><\/p>\n\n\n\n<p><strong>A las 13:20 horas (11:20 GMT), el aeropuerto volvi\u00f3 a ser accesible al p\u00fablico<\/strong>&nbsp;y los vuelos se reanudaron gradualmente.<\/p>\n\n\n\n<p>Tambi\u00e9n este mi\u00e9rcoles,&nbsp;<strong>dos zonas c\u00e9ntricas de la ciudad de Gante, en el noroeste de B\u00e9lgica, fueron evacuadas luego del hallazgo de un paquete sospechoso,<\/strong>&nbsp;lo que aument\u00f3 las preocupaciones de seguridad en el pa\u00eds.<\/p>\n","protected":false},"excerpt":{"rendered":"<p>Adem\u00e1s, por tercera vez desde el s\u00e1bado, desalojaron el Palacio de Versalles por &#8220;cuestiones de seguridad&#8221;.\u00a0 Varios aeropuertos de Francia fueron evacuados&nbsp;luego de que las autoridades recibieran&nbsp;amenazas de atentados&nbsp;por mail.&nbsp;Adem\u00e1s,&hellip; <\/p>\n","protected":false},"author":4,"featured_media":96078,"comment_status":"closed","ping_status":"open","sticky":false,"template":"","format":"standard","meta":{"footnotes":""},"categories":[11],"tags":[],"class_list":["post-96077","post","type-post","status-publish","format-standard","has-post-thumbnail","hentry","category-internacionales"],"_links":{"self":[{"href":"https:\/\/corrientesdetarde.com\/index.php\/wp-json\/wp\/v2\/posts\/96077","targetHints":{"allow":["GET"]}}],"collection":[{"href":"https:\/\/corrientesdetarde.com\/index.php\/wp-json\/wp\/v2\/posts"}],"about":[{"href":"https:\/\/corrientesdetarde.com\/index.php\/wp-json\/wp\/v2\/types\/post"}],"author":[{"embeddable":true,"href":"https:\/\/corrientesdetarde.com\/index.php\/wp-json\/wp\/v2\/users\/4"}],"replies":[{"embeddable":true,"href":"https:\/\/corrientesdetarde.com\/index.php\/wp-json\/wp\/v2\/comments?post=96077"}],"version-history":[{"count":2,"href":"https:\/\/corrientesdetarde.com\/index.php\/wp-json\/wp\/v2\/posts\/96077\/revisions"}],"predecessor-version":[{"id":96081,"href":"https:\/\/corrientesdetarde.com\/index.php\/wp-json\/wp\/v2\/posts\/96077\/revisions\/96081"}],"wp:featuredmedia":[{"embeddable":true,"href":"https:\/\/corrientesdetarde.com\/index.php\/wp-json\/wp\/v2\/media\/96078"}],"wp:attachment":[{"href":"https:\/\/corrientesdetarde.com\/index.php\/wp-json\/wp\/v2\/media?parent=96077"}],"wp:term":[{"taxonomy":"category","embeddable":true,"href":"https:\/\/corrientesdetarde.com\/index.php\/wp-json\/wp\/v2\/categories?post=96077"},{"taxonomy":"post_tag","embeddable":true,"href":"https:\/\/corrientesdetarde.com\/index.php\/wp-json\/wp\/v2\/tags?post=96077"}],"curies":[{"name":"wp","href":"https:\/\/api.w.org\/{rel}","templated":true}]}}