{"id":96082,"date":"2023-10-18T23:22:24","date_gmt":"2023-10-19T02:22:24","guid":{"rendered":"https:\/\/corrientesdetarde.com\/?p=96082"},"modified":"2023-10-18T23:22:28","modified_gmt":"2023-10-19T02:22:28","slug":"la-provincia-construye-una-darsena-vehicular-en-avenida-maipu-al-6500","status":"publish","type":"post","link":"https:\/\/corrientesdetarde.com\/index.php\/actualidad\/la-provincia-construye-una-darsena-vehicular-en-avenida-maipu-al-6500\/","title":{"rendered":"La Provincia construye una d\u00e1rsena vehicular en avenida Maip\u00fa al 6500"},"content":{"rendered":"\n<p>El Gobierno provincial comenz\u00f3 la construcci\u00f3n de una d\u00e1rsena vehicular en la avenida Maip\u00fa al 6500 de la ciudad de Corrientes, para facilitar el acceso a un conocido supermercado mayorista de la zona, al tiempo que se busca bajar sustancialmente la siniestralidad en todo ese tramo vial. La obra estar\u00e1 acompa\u00f1ada con la instalaci\u00f3n de nuevos sem\u00e1foros.<\/p>\n\n\n\n<figure class=\"wp-block-image size-full\"><img loading=\"lazy\" decoding=\"async\" width=\"792\" height=\"529\" src=\"https:\/\/corrientesdetarde.com\/wp-content\/uploads\/2023\/10\/Captura-de-pantalla-2023-10-18-231842.png\" alt=\"\" class=\"wp-image-96084\" srcset=\"https:\/\/corrientesdetarde.com\/wp-content\/uploads\/2023\/10\/Captura-de-pantalla-2023-10-18-231842.png 792w, https:\/\/corrientesdetarde.com\/wp-content\/uploads\/2023\/10\/Captura-de-pantalla-2023-10-18-231842-300x200.png 300w, https:\/\/corrientesdetarde.com\/wp-content\/uploads\/2023\/10\/Captura-de-pantalla-2023-10-18-231842-768x513.png 768w\" sizes=\"auto, (max-width: 792px) 100vw, 792px\" \/><\/figure>\n\n\n\n<p>Los trabajos son llevados adelante por el Ministerio de Obras y Servicios P\u00fablicos, a trav\u00e9s de equipos especializados de Vialidad Urbana. Tras el rellenado de la banquina este y su posterior compactaci\u00f3n, se procedi\u00f3 a la demolici\u00f3n de los cordones este y central en el \u00e1rea, continuando con el replanteo y perfilado de caja, la cual fue rellenada con hormig\u00f3n armado tipo H 30, en un espesor promedio de 20 cent\u00edmetros.<\/p>\n\n\n\n<figure class=\"wp-block-image size-full\"><img loading=\"lazy\" decoding=\"async\" width=\"790\" height=\"525\" src=\"https:\/\/corrientesdetarde.com\/wp-content\/uploads\/2023\/10\/Captura-de-pantalla-2023-10-18-231832.png\" alt=\"\" class=\"wp-image-96083\" srcset=\"https:\/\/corrientesdetarde.com\/wp-content\/uploads\/2023\/10\/Captura-de-pantalla-2023-10-18-231832.png 790w, https:\/\/corrientesdetarde.com\/wp-content\/uploads\/2023\/10\/Captura-de-pantalla-2023-10-18-231832-300x199.png 300w, https:\/\/corrientesdetarde.com\/wp-content\/uploads\/2023\/10\/Captura-de-pantalla-2023-10-18-231832-768x510.png 768w\" sizes=\"auto, (max-width: 790px) 100vw, 790px\" \/><\/figure>\n\n\n\n<p>Cabe destacar que por esta d\u00e1rsena vehicular solo transitar\u00e1n rodados menores, dado que el tr\u00e1nsito pesado y de carga seguir\u00e1 circulando por los carriles normales como habitualmente lo viene haciendo. Dichas tareas estar\u00e1n acompa\u00f1adas de una debida se\u00f1alizaci\u00f3n vial en la zona, que incluir\u00e1 la instalaci\u00f3n de un nuevo sistema de semaforizaci\u00f3n en ese cruce.<\/p>\n","protected":false},"excerpt":{"rendered":"<p>El Gobierno provincial comenz\u00f3 la construcci\u00f3n de una d\u00e1rsena vehicular en la avenida Maip\u00fa al 6500 de la ciudad de Corrientes, para facilitar el acceso a un conocido supermercado mayorista&hellip; <\/p>\n","protected":false},"author":4,"featured_media":96085,"comment_status":"closed","ping_status":"open","sticky":false,"template":"","format":"standard","meta":{"footnotes":""},"categories":[23],"tags":[],"class_list":["post-96082","post","type-post","status-publish","format-standard","has-post-thumbnail","hentry","category-actualidad"],"_links":{"self":[{"href":"https:\/\/corrientesdetarde.com\/index.php\/wp-json\/wp\/v2\/posts\/96082","targetHints":{"allow":["GET"]}}],"collection":[{"href":"https:\/\/corrientesdetarde.com\/index.php\/wp-json\/wp\/v2\/posts"}],"about":[{"href":"https:\/\/corrientesdetarde.com\/index.php\/wp-json\/wp\/v2\/types\/post"}],"author":[{"embeddable":true,"href":"https:\/\/corrientesdetarde.com\/index.php\/wp-json\/wp\/v2\/users\/4"}],"replies":[{"embeddable":true,"href":"https:\/\/corrientesdetarde.com\/index.php\/wp-json\/wp\/v2\/comments?post=96082"}],"version-history":[{"count":1,"href":"https:\/\/corrientesdetarde.com\/index.php\/wp-json\/wp\/v2\/posts\/96082\/revisions"}],"predecessor-version":[{"id":96086,"href":"https:\/\/corrientesdetarde.com\/index.php\/wp-json\/wp\/v2\/posts\/96082\/revisions\/96086"}],"wp:featuredmedia":[{"embeddable":true,"href":"https:\/\/corrientesdetarde.com\/index.php\/wp-json\/wp\/v2\/media\/96085"}],"wp:attachment":[{"href":"https:\/\/corrientesdetarde.com\/index.php\/wp-json\/wp\/v2\/media?parent=96082"}],"wp:term":[{"taxonomy":"category","embeddable":true,"href":"https:\/\/corrientesdetarde.com\/index.php\/wp-json\/wp\/v2\/categories?post=96082"},{"taxonomy":"post_tag","embeddable":true,"href":"https:\/\/corrientesdetarde.com\/index.php\/wp-json\/wp\/v2\/tags?post=96082"}],"curies":[{"name":"wp","href":"https:\/\/api.w.org\/{rel}","templated":true}]}}