{"id":96092,"date":"2023-10-18T23:41:28","date_gmt":"2023-10-19T02:41:28","guid":{"rendered":"https:\/\/corrientesdetarde.com\/?p=96092"},"modified":"2023-10-18T23:41:40","modified_gmt":"2023-10-19T02:41:40","slug":"fede-bal-furioso-por-los-precios-de-los-alquileres-de-verano-estoy-harto-de-que-me-roben","status":"publish","type":"post","link":"https:\/\/corrientesdetarde.com\/index.php\/espectaculos\/fede-bal-furioso-por-los-precios-de-los-alquileres-de-verano-estoy-harto-de-que-me-roben\/","title":{"rendered":"Fede Bal, furioso por los precios de los alquileres de verano: \u201cEstoy harto de que me roben\u201d"},"content":{"rendered":"\n<p>El actor har\u00e1 teatro en Mar del Plata y revel\u00f3 que le pidieron una fortuna en d\u00f3lares.<\/p>\n\n\n\n<p><strong>Federico Bal<\/strong>&nbsp;se presentar\u00e1 durante la temporada de verano con el espect\u00e1culo<em>&nbsp;Kinky Boots<\/em>&nbsp;en Mar del Plata y est\u00e1 buscando una vivienda como las que suele alquilar: una casa amplia con pileta donde pueda recibir a sus amigos y hacer las fiestas que acostumbra realizar.<\/p>\n\n\n\n<p>Sin embargo, esta vez le est\u00e1 costando encontrar vivienda porque los precios le resultan irrisorio. Entonces, decidi\u00f3 achicarse.&nbsp;<strong>\u201cEsto es as\u00ed, alquil\u00e9 por primera vez un departamento muy chiquito a cinco cuadras del teatro. \u00bfPor qu\u00e9? Porque por primera vez en mi vida me enoj\u00e9. No quiero que me roben m\u00e1s plata\u201d<\/strong>, dijo el hijo de Carmen Barbieri y Santiago Bal, durante una entrevista con el programa&nbsp;<em>Poco Correctos<\/em>.<\/p>\n\n\n\n<figure class=\"wp-block-embed is-type-video is-provider-youtube wp-block-embed-youtube wp-embed-aspect-16-9 wp-has-aspect-ratio\"><div class=\"wp-block-embed__wrapper\">\n<iframe loading=\"lazy\" title=\"&quot;NO QUIERO QUE ME ROBEN M\u00c1S&quot;: El EXORBITANTE precio que le pidieron a Fede Bal para alquilar en MDQ\" width=\"1110\" height=\"624\" src=\"https:\/\/www.youtube.com\/embed\/EFh5cw-hplI?feature=oembed\" frameborder=\"0\" allow=\"accelerometer; autoplay; clipboard-write; encrypted-media; gyroscope; picture-in-picture; web-share\" allowfullscreen><\/iframe>\n<\/div><\/figure>\n\n\n\n<p>\u201cEs una locura, estamos yendo a trabajar a Mar del Plata y los n\u00fameros que me pasaban por las casas realmente no los pod\u00eda creer, \u00a1no tienen idea los n\u00fameros que me han pasado! Era una casa con un parquecito, una pileta, dos o tres cuartos, no m\u00e1s, no estoy hablando de una mansi\u00f3n. Igual entiendo que el d\u00f3lar tambi\u00e9n est\u00e1 viviendo un momento terrible y ya mucho m\u00e1s despu\u00e9s de las elecciones va a ser algo realmente complicado. \u00a1Pero&nbsp;<strong>me han pedido US$ 25.000 la temporada<\/strong>, chicos! Me parece que ya es una falta de respeto\u201d, se quej\u00f3 el actor.<\/p>\n\n\n\n<p>\u201cEntiendo que son casas hermosas, y tal vez hay gente que lo paga, porque la verdad es esa. Plata en Argentina hay y hay algunos que la siguen teniendo. A algunos les cuesta m\u00e1s, a algunos les cuesta menos, pero esa plata est\u00e1. Y esas casas terminan siendo alquiladas, entonces hay alguien que va y termina cediendo hasta ese n\u00famero, pero yo ya no soy de esa partida, prefiero realmente ir a trabajar. Obviamente que voy a disfrutar, voy a tener mi departamento, chiquito, cerca del teatro, pero no quiero que me roben m\u00e1s, sobre todo a los artistas, a la gente que va a trabajar a la ciudad. Esos alquileres son una locura, US$ 25.000, \u00bfsab\u00e9s lo que es para conseguirlos?\u201d, continu\u00f3.<\/p>\n\n\n\n<p>Entonces le consultaron c\u00f3mo va a hacer para llevar a cabo las fiestas que acostumbra organizar en el verano: \u201c<strong>Estoy hablando con amigos que tienen paradores para instalar la idea de organizar fiestas ah\u00ed, una o dos veces por semana<\/strong>. Tal vez los lunes que no tenemos funci\u00f3n se puede hacer un sunset, al atardecer, invitamos a los elencos<strong>&nbsp;y no tengo tanto problema con los vecinos<\/strong>\u201d.<\/p>\n","protected":false},"excerpt":{"rendered":"<p>El actor har\u00e1 teatro en Mar del Plata y revel\u00f3 que le pidieron una fortuna en d\u00f3lares. Federico Bal&nbsp;se presentar\u00e1 durante la temporada de verano con el espect\u00e1culo&nbsp;Kinky Boots&nbsp;en Mar&hellip; <\/p>\n","protected":false},"author":4,"featured_media":96093,"comment_status":"closed","ping_status":"open","sticky":false,"template":"","format":"standard","meta":{"footnotes":""},"categories":[19],"tags":[],"class_list":["post-96092","post","type-post","status-publish","format-standard","has-post-thumbnail","hentry","category-espectaculos"],"_links":{"self":[{"href":"https:\/\/corrientesdetarde.com\/index.php\/wp-json\/wp\/v2\/posts\/96092","targetHints":{"allow":["GET"]}}],"collection":[{"href":"https:\/\/corrientesdetarde.com\/index.php\/wp-json\/wp\/v2\/posts"}],"about":[{"href":"https:\/\/corrientesdetarde.com\/index.php\/wp-json\/wp\/v2\/types\/post"}],"author":[{"embeddable":true,"href":"https:\/\/corrientesdetarde.com\/index.php\/wp-json\/wp\/v2\/users\/4"}],"replies":[{"embeddable":true,"href":"https:\/\/corrientesdetarde.com\/index.php\/wp-json\/wp\/v2\/comments?post=96092"}],"version-history":[{"count":1,"href":"https:\/\/corrientesdetarde.com\/index.php\/wp-json\/wp\/v2\/posts\/96092\/revisions"}],"predecessor-version":[{"id":96094,"href":"https:\/\/corrientesdetarde.com\/index.php\/wp-json\/wp\/v2\/posts\/96092\/revisions\/96094"}],"wp:featuredmedia":[{"embeddable":true,"href":"https:\/\/corrientesdetarde.com\/index.php\/wp-json\/wp\/v2\/media\/96093"}],"wp:attachment":[{"href":"https:\/\/corrientesdetarde.com\/index.php\/wp-json\/wp\/v2\/media?parent=96092"}],"wp:term":[{"taxonomy":"category","embeddable":true,"href":"https:\/\/corrientesdetarde.com\/index.php\/wp-json\/wp\/v2\/categories?post=96092"},{"taxonomy":"post_tag","embeddable":true,"href":"https:\/\/corrientesdetarde.com\/index.php\/wp-json\/wp\/v2\/tags?post=96092"}],"curies":[{"name":"wp","href":"https:\/\/api.w.org\/{rel}","templated":true}]}}