{"id":96200,"date":"2023-10-19T14:04:45","date_gmt":"2023-10-19T17:04:45","guid":{"rendered":"https:\/\/corrientesdetarde.com\/?p=96200"},"modified":"2023-10-19T14:04:58","modified_gmt":"2023-10-19T17:04:58","slug":"el-aula-taller-movil-atm-de-saberes-digitales-comenzo-un-nuevo-trayecto-formativo-en-ituzaingo","status":"publish","type":"post","link":"https:\/\/corrientesdetarde.com\/index.php\/informacion-general\/el-aula-taller-movil-atm-de-saberes-digitales-comenzo-un-nuevo-trayecto-formativo-en-ituzaingo\/","title":{"rendered":"El Aula Taller M\u00f3vil (ATM) de Saberes Digitales comenz\u00f3 un nuevo trayecto formativo en Ituzaing\u00f3"},"content":{"rendered":"\n<p>El Aula Taller M\u00f3vil (ATM) de Saberes Digitales comenz\u00f3 este martes 17 un nuevo ciclo de formaci\u00f3n para docentes y estudiantes en programaci\u00f3n, rob\u00f3tica e impresi\u00f3n 3D en la localidad de Ituzaing\u00f3. El cami\u00f3n est\u00e1 instalado por calle Corrientes, entre San Mart\u00edn y Belgrano, frente al Centro Cultural.<\/p>\n\n\n\n<p>Este espacio itinerante de capacitaciones consiste una propuesta del Ministerio de Educaci\u00f3n, que se concreta a trav\u00e9s de la articulaci\u00f3n de la Subsecretar\u00eda de Contenidos Audiovisuales y Direcci\u00f3n Provincial de Formaci\u00f3n T\u00e9cnica Profesional.<\/p>\n\n\n\n<p>Los talleres estar\u00e1n destinados docentes de todos los niveles y estudiantes secundarios. Las invitaciones se hacen a las escuelas locales, las cuales seleccionan al grupo que participar\u00e1 de los encuentros de formaci\u00f3n. Los mismos se extender\u00e1n hasta la primera semana de diciembre.<\/p>\n\n\n\n<p>Est\u00e1n orientados a que los docentes se apropien de herramientas tecnol\u00f3gicas y que posteriormente puedan implementarlas en las aulas, con el objetivo de estimular competencias y habilidades digitales. Y, por otro lado, ofrecer experiencias de aprendizaje en los m\u00e1s j\u00f3venes que potencien sus intereses en estas \u00e1reas para una posterior carrera profesional.<\/p>\n\n\n\n<p>Cabe recordar que el Aula Taller M\u00f3vil en Saberes Digitales comenz\u00f3 a funcionar en los meses de octubre, noviembre y diciembre en la Costanera, frente al Museo de Ciencias Naturales, y este a\u00f1o se traslad\u00f3 al predio de la Escuela T\u00e9cnica Juana Manso de Corrientes Capital.<\/p>\n\n\n\n<p>En esta segunda instancia de capacitaciones que abarc\u00f3 desde mediados de abril hasta principios de junio, participaron m\u00e1s de 600 docentes, que se capacitaron en rob\u00f3tica y programaci\u00f3n, impresi\u00f3n 3D y Tecnolog\u00eda para Incluir. M\u00e1s de 80 alumnos tambi\u00e9n fueron parte de este espacio, como creadores activos en los talleres de Desarrollo de Videojuegos y el Club de Programadores.<\/p>\n\n\n\n<p>Su desplazamiento por toda la provincia es posible gracias a que se trata de estructuras m\u00f3viles con caracter\u00edsticas de talleres-laboratorios con tecnolog\u00eda de \u00faltima generaci\u00f3n, que facilitan el desarrollo de las actividades de capacitaci\u00f3n con el equipamiento necesario.<\/p>\n\n\n\n<figure class=\"wp-block-image size-large\"><img loading=\"lazy\" decoding=\"async\" width=\"1024\" height=\"461\" src=\"https:\/\/corrientesdetarde.com\/wp-content\/uploads\/2023\/10\/image-543-1024x461.png\" alt=\"\" class=\"wp-image-96201\" srcset=\"https:\/\/corrientesdetarde.com\/wp-content\/uploads\/2023\/10\/image-543-1024x461.png 1024w, https:\/\/corrientesdetarde.com\/wp-content\/uploads\/2023\/10\/image-543-300x135.png 300w, https:\/\/corrientesdetarde.com\/wp-content\/uploads\/2023\/10\/image-543-768x346.png 768w, https:\/\/corrientesdetarde.com\/wp-content\/uploads\/2023\/10\/image-543-1536x691.png 1536w, https:\/\/corrientesdetarde.com\/wp-content\/uploads\/2023\/10\/image-543.png 1600w\" sizes=\"auto, (max-width: 1024px) 100vw, 1024px\" \/><\/figure>\n","protected":false},"excerpt":{"rendered":"<p>El Aula Taller M\u00f3vil (ATM) de Saberes Digitales comenz\u00f3 este martes 17 un nuevo ciclo de formaci\u00f3n para docentes y estudiantes en programaci\u00f3n, rob\u00f3tica e impresi\u00f3n 3D en la localidad&hellip; <\/p>\n","protected":false},"author":8,"featured_media":96202,"comment_status":"closed","ping_status":"open","sticky":false,"template":"","format":"standard","meta":{"footnotes":""},"categories":[1],"tags":[],"class_list":["post-96200","post","type-post","status-publish","format-standard","has-post-thumbnail","hentry","category-informacion-general"],"_links":{"self":[{"href":"https:\/\/corrientesdetarde.com\/index.php\/wp-json\/wp\/v2\/posts\/96200","targetHints":{"allow":["GET"]}}],"collection":[{"href":"https:\/\/corrientesdetarde.com\/index.php\/wp-json\/wp\/v2\/posts"}],"about":[{"href":"https:\/\/corrientesdetarde.com\/index.php\/wp-json\/wp\/v2\/types\/post"}],"author":[{"embeddable":true,"href":"https:\/\/corrientesdetarde.com\/index.php\/wp-json\/wp\/v2\/users\/8"}],"replies":[{"embeddable":true,"href":"https:\/\/corrientesdetarde.com\/index.php\/wp-json\/wp\/v2\/comments?post=96200"}],"version-history":[{"count":1,"href":"https:\/\/corrientesdetarde.com\/index.php\/wp-json\/wp\/v2\/posts\/96200\/revisions"}],"predecessor-version":[{"id":96203,"href":"https:\/\/corrientesdetarde.com\/index.php\/wp-json\/wp\/v2\/posts\/96200\/revisions\/96203"}],"wp:featuredmedia":[{"embeddable":true,"href":"https:\/\/corrientesdetarde.com\/index.php\/wp-json\/wp\/v2\/media\/96202"}],"wp:attachment":[{"href":"https:\/\/corrientesdetarde.com\/index.php\/wp-json\/wp\/v2\/media?parent=96200"}],"wp:term":[{"taxonomy":"category","embeddable":true,"href":"https:\/\/corrientesdetarde.com\/index.php\/wp-json\/wp\/v2\/categories?post=96200"},{"taxonomy":"post_tag","embeddable":true,"href":"https:\/\/corrientesdetarde.com\/index.php\/wp-json\/wp\/v2\/tags?post=96200"}],"curies":[{"name":"wp","href":"https:\/\/api.w.org\/{rel}","templated":true}]}}