{"id":96204,"date":"2023-10-19T14:10:46","date_gmt":"2023-10-19T17:10:46","guid":{"rendered":"https:\/\/corrientesdetarde.com\/?p=96204"},"modified":"2023-10-19T14:10:49","modified_gmt":"2023-10-19T17:10:49","slug":"en-itati-valdes-inauguro-la-repavimentacion-de-43-cuadras-desagues-pluviales-y-anuncio-mas-obras-para-la-localidad","status":"publish","type":"post","link":"https:\/\/corrientesdetarde.com\/index.php\/locales\/en-itati-valdes-inauguro-la-repavimentacion-de-43-cuadras-desagues-pluviales-y-anuncio-mas-obras-para-la-localidad\/","title":{"rendered":"En Itat\u00ed, Vald\u00e9s inaugur\u00f3 la repavimentaci\u00f3n de 43 cuadras, desag\u00fces pluviales y anunci\u00f3 m\u00e1s obras para la localidad"},"content":{"rendered":"\n<p>Al continuar con su agenda de actividades en la localidad de Itat\u00ed, el gobernador Gustavo Vald\u00e9s dej\u00f3 inauguradas este jueves, obras fundamentales de infraestructura vial y pluvial. La primera de ellas, 43 cuadras de repavimentaci\u00f3n con concreto asf\u00e1ltico en distintas arterias, posteriormente, habilit\u00f3 desag\u00fces pluviales para mejorar el escurrimiento del agua en d\u00edas de precipitaciones.<\/p>\n\n\n\n<p>Asimismo, el mandatario anunci\u00f3 m\u00e1s inversiones de la Provincia para obras en Itat\u00ed, destinadas a otras 40 cuadras de asfalto, m\u00e1s de mil 200 millones de pesos para solucionar el problema de agua potable, como as\u00ed tambi\u00e9n la ampliaci\u00f3n el ensanchamiento de la avenida de ingreso a la localidad. \u201cCuando el estado se pone la camiseta, de la mano de la obra p\u00fablica hacemos grandes&nbsp; obras para la gente\u201d, manifest\u00f3 en ese sentido Vald\u00e9s.<\/p>\n\n\n\n<p>La obra de repavimentaci\u00f3n comprendi\u00f3 la ejecuci\u00f3n de 43 cuadras de repavimentaci\u00f3n en una longitud de 4.871 metros lineales y la demarcaci\u00f3n &nbsp;horizontal parcial sobre las calles, acceso principal a la ciudad &nbsp;Avenida 25 de Mayo, Belgrano, Castor de Le\u00f3n, Benedictinos, Vallejos, Fray Gamarra, Pasaje Brown, Ex Combatiente N\u00fa\u00f1ez, Juan Gueri y Avenida San Luis del Palmar y Coronel Vallejos.<\/p>\n\n\n\n<p>El objetivo fue recuperar la calzada de 43 cuadras de la red vial del ejido urbano de Itat\u00ed, que se encontraban en malas condiciones para la circulaci\u00f3n vehicular. Con la ejecuci\u00f3n de esta obra recuper\u00f3 por completo la transitabilidad y la conectividad de las calles y Avenidas de los tramos ejecutados y vinculados en su mayor\u00eda a la Avenida 25 de Mayo que es la v\u00eda principal de acceso a la Localidad.<\/p>\n\n\n\n<p>La obra mejora notablemente la optimizaci\u00f3n del tr\u00e1nsito vehicular y la seguridad del transponte en las v\u00edas mejoradas.<\/p>\n\n\n\n<p>Esto genera un impacto positivo en las actividades de turismo y de esparcimiento p\u00fablico de la zona, mejorando de tal forma la calidad de vida de los vecinos y el acceso a los servicios p\u00fablicos de la ciudad.<\/p>\n\n\n\n<p>La inversi\u00f3n, con fondos propios de la Provincia fue de m\u00e1s de 360 millones de pesos.<\/p>\n\n\n\n<p>En representaci\u00f3n de los vecinos, Dora Gay agradeci\u00f3 especialmente al gobernador Vald\u00e9s por las obras, que permiten que Itat\u00ed crezca y avance en un marco de progreso y desarrollo.<\/p>\n\n\n\n<p><strong>Gobernador Vald\u00e9s<\/strong><\/p>\n\n\n\n<p>Al tomar la palabra, el gobernador Gustavo Vald\u00e9s valor\u00f3 el acompa\u00f1amiento de la comuna e inst\u00f3 \u201cseguir trabajando siempre juntos\u201d, resaltando que Itat\u00ed es un s\u00edmbolo de Corrientes.<\/p>\n\n\n\n<p>Luego, el mandatario anunci\u00f3 m\u00e1s inversiones en obras para la localidad. En primer lugar, la construcci\u00f3n de otras 40 cuadras de asfalto y cord\u00f3n cuneta trav\u00e9s de Vialidad Urbana y el ministerio de Obras P\u00fablicas.<\/p>\n\n\n\n<p>Tambi\u00e9n, confirm\u00f3 una inversi\u00f3n de m\u00e1s de mil 200 millones de pesos para resolver el problema del suministro de agua potable en Itat\u00ed, para cortar de ra\u00edz con un problema cr\u00f3nico y estructural que afecta a la localidad.<\/p>\n\n\n\n<p>A su vez, asegur\u00f3 que junto a Vialidad Urbana, organismo dependiente del ministerio de Obras y Servicios P\u00fablicos, la Provincia ejecutar\u00e1 pr\u00f3ximamente obras de asflatado, ampliaci\u00f3n de veredas y ensanchamiento de la avenida central de Itat\u00ed para acoplarla hasta el ingreso en la zona de la garita.<\/p>\n\n\n\n<p>\u201cVialidad Urbana hace un gran trabajo, que nos permite tener esta calidad de obra p\u00fablica. Cuando el estado se pone la camiseta, podemos trabajar m\u00e1s r\u00e1pido y barato, con mano de obra genuina de los correntinos\u201d, dijo con \u00e9nfasis el gobernador.<\/p>\n\n\n\n<p><strong>Palabras de Polich e intendente local<\/strong><\/p>\n\n\n\n<p>\u201cNadie puede dudar que Itat\u00ed est\u00e1 mucho m\u00e1s linda\u201d, consider\u00f3 el ministro de Obras y Servicios P\u00fablicos, Claudio Polich, en el marco de la inauguraci\u00f3n de las mismas obras urbanas.<\/p>\n\n\n\n<p>En este contexto, dio cuenta que \u201ces una satisfacci\u00f3n haber colaborado con este tipo de obras para recibir mejor a la gente que profesa la fe\u201d.<\/p>\n\n\n\n<p>En tanto, &nbsp;el intendente Francisco Romero manifest\u00f3 que \u201cestamos muy emocionados y contentos en este d\u00eda lluvioso y bendecido, donde nos sentimos acompa\u00f1ados y fortalecidos por un Gobierno provincial presente, que escucha las necesidades de nuestro pueblo\u201d.<\/p>\n\n\n\n<p>El jefe comunal, adem\u00e1s, ratific\u00f3 continuar con el trabajo mancomunado entre Provincia y municipio, para seguir avanzando con la ejecuci\u00f3n de obras en la localidad, sosteniendo que las mismas potencian \u201cal desarrollo y progreso de esta ciudad tur\u00edstica\u201d.<\/p>\n\n\n\n<p><strong>Obras pluviales<\/strong><\/p>\n\n\n\n<p>Posteriormente, en la intersecci\u00f3n de las calles Nepomuceno Alegre y Belgrano, el gobernador Vald\u00e9s y el resto de la comitiva oficial procedieron al realizar el tradicional corte de cintas para inaugurar obras de desag\u00fces pluviales.<\/p>\n\n\n\n<p>Con una inversi\u00f3n de m\u00e1s de 160 millones de pesos, se puso en marcha un ducto que es central, que va a impedir que Itat\u00ed se inunde ante las precipitaciones, en una obra que posibilitar\u00e1 el escurrimiento de las aguas, desembocando en un arroyo y de ah\u00ed al R\u00edo Paran\u00e1.<\/p>\n\n\n\n<p>\u201cSon obras fundamentales para Itat\u00ed y vamos a seguir apostando a mejorar la calidad de vida de toda la gente, es el compromiso que siempre asumimos\u201d, asever\u00f3 Vald\u00e9s durante la inauguraci\u00f3n.<\/p>\n\n\n\n<p><strong>Presencias<\/strong><\/p>\n\n\n\n<p>Tambi\u00e9n participaron de los actos de inaguraciones, \u00a0los ministros, de Seguridad, Buenaventura Duarte; Ciencia y Tecnolog\u00eda, Jorge G\u00f3mez; Obras P\u00fablicas, Mauro Polich; Industria, Mariel Gabur y de Coordinaci\u00f3n, Miguel Olivieri; legisladores, secretarios y subsecretarios provinciales; autoridades municipales e intendentes de localidades vecinas.<\/p>\n","protected":false},"excerpt":{"rendered":"<p>Al continuar con su agenda de actividades en la localidad de Itat\u00ed, el gobernador Gustavo Vald\u00e9s dej\u00f3 inauguradas este jueves, obras fundamentales de infraestructura vial y pluvial. La primera de&hellip; <\/p>\n","protected":false},"author":8,"featured_media":96205,"comment_status":"closed","ping_status":"open","sticky":false,"template":"","format":"standard","meta":{"footnotes":""},"categories":[8],"tags":[],"class_list":["post-96204","post","type-post","status-publish","format-standard","has-post-thumbnail","hentry","category-locales"],"_links":{"self":[{"href":"https:\/\/corrientesdetarde.com\/index.php\/wp-json\/wp\/v2\/posts\/96204","targetHints":{"allow":["GET"]}}],"collection":[{"href":"https:\/\/corrientesdetarde.com\/index.php\/wp-json\/wp\/v2\/posts"}],"about":[{"href":"https:\/\/corrientesdetarde.com\/index.php\/wp-json\/wp\/v2\/types\/post"}],"author":[{"embeddable":true,"href":"https:\/\/corrientesdetarde.com\/index.php\/wp-json\/wp\/v2\/users\/8"}],"replies":[{"embeddable":true,"href":"https:\/\/corrientesdetarde.com\/index.php\/wp-json\/wp\/v2\/comments?post=96204"}],"version-history":[{"count":1,"href":"https:\/\/corrientesdetarde.com\/index.php\/wp-json\/wp\/v2\/posts\/96204\/revisions"}],"predecessor-version":[{"id":96206,"href":"https:\/\/corrientesdetarde.com\/index.php\/wp-json\/wp\/v2\/posts\/96204\/revisions\/96206"}],"wp:featuredmedia":[{"embeddable":true,"href":"https:\/\/corrientesdetarde.com\/index.php\/wp-json\/wp\/v2\/media\/96205"}],"wp:attachment":[{"href":"https:\/\/corrientesdetarde.com\/index.php\/wp-json\/wp\/v2\/media?parent=96204"}],"wp:term":[{"taxonomy":"category","embeddable":true,"href":"https:\/\/corrientesdetarde.com\/index.php\/wp-json\/wp\/v2\/categories?post=96204"},{"taxonomy":"post_tag","embeddable":true,"href":"https:\/\/corrientesdetarde.com\/index.php\/wp-json\/wp\/v2\/tags?post=96204"}],"curies":[{"name":"wp","href":"https:\/\/api.w.org\/{rel}","templated":true}]}}