{"id":96326,"date":"2023-10-19T22:16:17","date_gmt":"2023-10-20T01:16:17","guid":{"rendered":"https:\/\/corrientesdetarde.com\/?p=96326"},"modified":"2023-10-19T22:16:28","modified_gmt":"2023-10-20T01:16:28","slug":"el-mal-momento-de-paula-chaves-al-llevar-a-su-hijo-de-urgencia-al-hospital","status":"publish","type":"post","link":"https:\/\/corrientesdetarde.com\/index.php\/espectaculos\/el-mal-momento-de-paula-chaves-al-llevar-a-su-hijo-de-urgencia-al-hospital\/","title":{"rendered":"El mal momento de Paula Chaves al llevar a su hijo de urgencia al hospital"},"content":{"rendered":"\n<p>La modelo y conductora relat\u00f3 una triste situaci\u00f3n que est\u00e1n atravesando los m\u00e9dicos y se solidariz\u00f3 con su causa.<\/p>\n\n\n\n<p><strong>Paula Chaves<\/strong>&nbsp;tuvo que llevar a su hijo&nbsp;<strong>Baltazar<\/strong>&nbsp;a la guardia de un sanatorio y se encontr\u00f3 con una situaci\u00f3n que la sorprendi\u00f3. Por eso no dud\u00f3 en expresarlo en sus redes sociales.<\/p>\n\n\n\n<p>La modelo se encontr\u00f3 con un&nbsp;<strong>paro de m\u00e9dicos de dos d\u00edas por reclamos salariales<\/strong>&nbsp;y al plantearlo en redes sociales termin\u00f3 generando un debate entre sus seguidores.<\/p>\n\n\n\n<p><strong>&#8220;Vengo a la guardia, hab\u00eda paro y me atendieron. Ojal\u00e1 empiecen a considerar a los m\u00e9dicos como oro tanto en el sistema p\u00fablico como en el privado&#8221;<\/strong>,&nbsp;se solidariz\u00f3 la modelo y&nbsp; conductora con la causa de los m\u00e9dicos.<\/p>\n\n\n\n<figure class=\"wp-block-image\"><img decoding=\"async\" src=\"https:\/\/noticiasargentinas.com\/images\/NA\/Contenidos\/chaves.webp\" alt=\"chaves.jpg\"\/><\/figure>\n\n\n\n<p>&#8220;\u00bfEs la \u00fanica forma que tienen de luchar por sus derechos?<strong>&nbsp;No s\u00e9, pero que cobren por hora y a 90 d\u00edas es imposible de sostener!<\/strong>&nbsp;Lo mismo en la salud p\u00fablica. Hablo sin conocimiento, s\u00f3lo desde mi lado de mam\u00e1 de necesitar un m\u00e9dico urgente y estaban de paro! Y valoro que as\u00ed y todo me&nbsp;atendieron!&#8221;, sostuvo.<\/p>\n\n\n\n<p>&#8220;Misma guardia y misma m\u00e9dica que me atienden siempre perfecto, cuando entro corriendo con Filipa convulsionando por fiebre&#8221;,&nbsp;record\u00f3 Chaves, solidariz\u00e1ndose con la causa en la que reclaman<strong>&nbsp;\u201caumento salarial urgente\u201d<\/strong>&nbsp;y que se frene con la persecuci\u00f3n a quienes hacen el reclamo.<\/p>\n","protected":false},"excerpt":{"rendered":"<p>La modelo y conductora relat\u00f3 una triste situaci\u00f3n que est\u00e1n atravesando los m\u00e9dicos y se solidariz\u00f3 con su causa. Paula Chaves&nbsp;tuvo que llevar a su hijo&nbsp;Baltazar&nbsp;a la guardia de un&hellip; <\/p>\n","protected":false},"author":4,"featured_media":96327,"comment_status":"closed","ping_status":"open","sticky":false,"template":"","format":"standard","meta":{"footnotes":""},"categories":[19],"tags":[],"class_list":["post-96326","post","type-post","status-publish","format-standard","has-post-thumbnail","hentry","category-espectaculos"],"_links":{"self":[{"href":"https:\/\/corrientesdetarde.com\/index.php\/wp-json\/wp\/v2\/posts\/96326","targetHints":{"allow":["GET"]}}],"collection":[{"href":"https:\/\/corrientesdetarde.com\/index.php\/wp-json\/wp\/v2\/posts"}],"about":[{"href":"https:\/\/corrientesdetarde.com\/index.php\/wp-json\/wp\/v2\/types\/post"}],"author":[{"embeddable":true,"href":"https:\/\/corrientesdetarde.com\/index.php\/wp-json\/wp\/v2\/users\/4"}],"replies":[{"embeddable":true,"href":"https:\/\/corrientesdetarde.com\/index.php\/wp-json\/wp\/v2\/comments?post=96326"}],"version-history":[{"count":1,"href":"https:\/\/corrientesdetarde.com\/index.php\/wp-json\/wp\/v2\/posts\/96326\/revisions"}],"predecessor-version":[{"id":96328,"href":"https:\/\/corrientesdetarde.com\/index.php\/wp-json\/wp\/v2\/posts\/96326\/revisions\/96328"}],"wp:featuredmedia":[{"embeddable":true,"href":"https:\/\/corrientesdetarde.com\/index.php\/wp-json\/wp\/v2\/media\/96327"}],"wp:attachment":[{"href":"https:\/\/corrientesdetarde.com\/index.php\/wp-json\/wp\/v2\/media?parent=96326"}],"wp:term":[{"taxonomy":"category","embeddable":true,"href":"https:\/\/corrientesdetarde.com\/index.php\/wp-json\/wp\/v2\/categories?post=96326"},{"taxonomy":"post_tag","embeddable":true,"href":"https:\/\/corrientesdetarde.com\/index.php\/wp-json\/wp\/v2\/tags?post=96326"}],"curies":[{"name":"wp","href":"https:\/\/api.w.org\/{rel}","templated":true}]}}