{"id":96474,"date":"2023-10-20T19:00:53","date_gmt":"2023-10-20T22:00:53","guid":{"rendered":"https:\/\/corrientesdetarde.com\/?p=96474"},"modified":"2023-10-20T19:01:16","modified_gmt":"2023-10-20T22:01:16","slug":"israel-confirma-que-las-rehenes-liberadas-por-hamas-son-una-madre-estadounidense-y-su-hija","status":"publish","type":"post","link":"https:\/\/corrientesdetarde.com\/index.php\/internacionales\/israel-confirma-que-las-rehenes-liberadas-por-hamas-son-una-madre-estadounidense-y-su-hija\/","title":{"rendered":"Israel confirma que las rehenes liberadas por Hamas son una madre estadounidense y su hija"},"content":{"rendered":"\n<p>Hamas liber\u00f3 a las ciudadanas estadounidenses Judith Tai Raanan y a su hija Natali Raanan, de 17 a\u00f1os, quienes hab\u00edan sido secuestradas durante el ataque contra Israel hace casi dos semanas, seg\u00fan inform\u00f3 la Oficina del Primer Ministro de Israel.<\/p>\n\n\n\n<p>Las Raanan son del \u00e1rea de Chicago y estaban visitando a familiares en el kibutz de Nahal Oz en el sur de Israel cuando fue atacado por Hamas, seg\u00fan su familia.<\/p>\n\n\n\n<p>Seg\u00fan un comunicado de la oficina del Primer Ministro fueron entregadas en la frontera y actualmente se encuentran de camino a una base militar israel\u00ed para reunirse con su familia.<\/p>\n\n\n\n<p>Los dos rehenes liberadas est\u00e1n ahora bajo el cuidado de las Fuerzas de Defensa de Israel, dijo este viernes el portavoz de las FDI, Daniel Hagari.<\/p>\n\n\n\n<p>Una fuente consultada por CNN dijo que las dos hab\u00edan sido entregadas a la Cruz Roja. Habr\u00edan sido liberadas por &#8220;motivos humanitarios&#8221;, ya que la madre se encuentra en mal estado de salud, afirm\u00f3 la misma fuente.<a href=\"https:\/\/cnnespanol.cnn.com\/wp-content\/uploads\/2023\/10\/Hostages.jpeg?quality=100&amp;strip=info\"><\/a><\/p>\n\n\n\n<p>La liberaci\u00f3n es el resultado de las negociaciones entre Qatar y Hamas que comenzaron despu\u00e9s de que Hamas secuestrara a unas 200 personas en Israel el 7 de octubre.<\/p>\n\n\n\n<p>En una declaraci\u00f3n, el portavoz de Hamas, Abu Obaida, dijo: &#8220;En respuesta a los esfuerzos de Qatar, las Brigadas Al-Qassam liberaron a dos ciudadanos estadounidenses (una madre y su hija) por razones humanitarias y para demostrarle al pueblo estadounidense y al mundo que las afirmaciones hechas por Biden y su Gobierno fascista son falsas e infundadas&#8221;.<\/p>\n\n\n\n<p>El presidente Bidenhabl\u00f3 con Judith Tai Raanan y Natalie Raanan, y les prometi\u00f3 &#8220;pleno apoyo&#8221; del gobierno de Estados Unidos.<\/p>\n\n\n\n<p>&#8220;El presidente acaba de completar una llamada con las dos estadounidenses liberadas hoy despu\u00e9s de haber sido tomadas como rehenes por Hamas durante el horrible ataque terrorista contra Israel. Dijo que tendr\u00e1n todo el apoyo del gobierno de Estados Unidos mientras se recuperan de esta terrible experiencia&#8221;, inform\u00f3 la Casa Blanca.<\/p>\n\n\n\n<p>El secretario de Estado de EE.UU., Antony Blinken, acogi\u00f3 con satisfacci\u00f3n la liberaci\u00f3n de las dos rehenes y dijo que todav\u00eda hay 10 estadounidenses m\u00e1s &#8220;que siguen en paradero desconocido en este conflicto&#8221;, algunos de los cuales &#8220;est\u00e1n retenidos como rehenes por Hamas&#8221;.<\/p>\n\n\n\n<p>&#8220;El trabajo urgente para liberar a todos los estadounidenses y a todos los dem\u00e1s rehenes contin\u00faa, al igual que nuestro trabajo para garantizar el paso seguro de Gaza para los estadounidenses que est\u00e1n atrapados all\u00ed&#8221;, dijo Blinken en una conferencia de prensa en el Departamento de Estado. A\u00f1adi\u00f3 que las dos estadounidenses liberadas est\u00e1n con las autoridades israel\u00edes y que el personal de la embajada de Estados Unidos \u201clos ver\u00e1 muy pronto\u201d.<\/p>\n\n\n\n<p>&#8220;En las pr\u00f3ximas horas recibir\u00e1n todo el apoyo y la asistencia que necesiten y, por supuesto, estamos muy ansiosos de poder reunirlos con sus seres queridos&#8221;, dijo Blinken.<\/p>\n\n\n\n<p>A\u00f1adi\u00f3 que no ten\u00eda informaci\u00f3n sobre la salud de las dos rehenes: &#8220;No puedo hablar de la condici\u00f3n de las dos rehenes que acaban de ser liberadas, primero, por respeto a su privacidad, segundo, porque todav\u00eda no hemos tenido la oportunidad (tal vez est\u00e9 sucediendo mientras hablamos) de que nuestro propio equipo all\u00ed las vea, las eval\u00fae y, lo m\u00e1s importante, se re\u00fanan con sus seres queridos&#8221;, dijo Blinken en una conferencia de prensa en el Departamento de Estado en respuesta a una pregunta de CNN.<\/p>\n\n\n\n<p>Naciones Unidas advirti\u00f3 este viernes que la toma de rehenes est\u00e1 prohibida por el derecho internacional.<\/p>\n\n\n\n<p><a href=\"https:\/\/cnnespanol.cnn.com\/wp-content\/uploads\/2023\/10\/231018191252-04-israel-gaza-gallery-101823.webp\"><\/a><\/p>\n\n\n\n<p id=\"caption-attachment-1480520\">Fotograf\u00edas de algunas de las personas tomadas como rehenes por Hamas se ven en carteles el 18 de octubre en Tel Aviv, Israel. Le\u00f3n Neal\/Getty Images<\/p>\n\n\n\n<p>La noticia de la liberaci\u00f3n se produjo despu\u00e9s de que el presidente de Estados Unidos, Joe Biden, el secretario de Estado Antony Blinken y el primer ministro brit\u00e1nico, Rishi Sunak, viajaran a Israel en los \u00faltimos d\u00edas, en medio de una creciente presi\u00f3n para garantizar la liberaci\u00f3n de los rehenes.<\/p>\n\n\n\n<p>Hamas mat\u00f3 a m\u00e1s de 1.400 personas durante el ataque de principios de este mes, incluidos civiles y soldados, seg\u00fan las autoridades israel\u00edes. Fue el ataque m\u00e1s mort\u00edfero perpetrado por militantes extremistas en los 75 a\u00f1os de historia de Israel y revel\u00f3 una asombrosa falla de seguridad e inteligencia por parte de las fuerzas de seguridad del pa\u00eds.<\/p>\n\n\n\n<p>Desde entonces, Israel ha bombardeado a Gaza con implacables ataques a\u00e9reos e impuso un bloqueo total al enclave palestino, lo que desat\u00f3 una crisis humanitaria catastr\u00f3fica.<\/p>\n\n\n\n<p>Los ataques israel\u00edes contra Gaza han matado al menos a 3.785 personas, incluidos 1.524 ni\u00f1os, 1.000 mujeres y 120 ancianos, seg\u00fan el Ministerio de Salud palestino. Casi 12.500 han resultado heridos.<\/p>\n\n\n\n<p>Amnist\u00eda Internacional dijo que el &#8220;castigo colectivo&#8221; de Israel a los civiles palestinos por el ataque mortal de Hamas equivale a un crimen de guerra.<\/p>\n\n\n\n<p>Este viernes, las Fuerzas de Defensa de Israel dijeron que &#8220;la mayor\u00eda&#8221; de los rehenes tomados por Hamas est\u00e1n vivos. CNN no puede verificar de forma independiente las afirmaciones de las FDI.<\/p>\n\n\n\n<p>Hamas tambi\u00e9n secuestr\u00f3 a varios ciudadanos extranjeros, entre ellos personas de Estados Unidos, M\u00e9xico, Brasil y Tailandia.<\/p>\n\n\n\n<p>La informaci\u00f3n sobre el estado, la ubicaci\u00f3n y la identidad de todos los rehenes sigue siendo escasa. Algunos han sido identificados por familiares que los reconocieron por videos en l\u00ednea, lo que ha provocado s\u00faplicas desesperadas para lograr su regreso.<\/p>\n","protected":false},"excerpt":{"rendered":"<p>Hamas liber\u00f3 a las ciudadanas estadounidenses Judith Tai Raanan y a su hija Natali Raanan, de 17 a\u00f1os, quienes hab\u00edan sido secuestradas durante el ataque contra Israel hace casi dos&hellip; <\/p>\n","protected":false},"author":1,"featured_media":96491,"comment_status":"closed","ping_status":"open","sticky":false,"template":"","format":"standard","meta":{"footnotes":""},"categories":[11],"tags":[],"class_list":["post-96474","post","type-post","status-publish","format-standard","has-post-thumbnail","hentry","category-internacionales"],"_links":{"self":[{"href":"https:\/\/corrientesdetarde.com\/index.php\/wp-json\/wp\/v2\/posts\/96474","targetHints":{"allow":["GET"]}}],"collection":[{"href":"https:\/\/corrientesdetarde.com\/index.php\/wp-json\/wp\/v2\/posts"}],"about":[{"href":"https:\/\/corrientesdetarde.com\/index.php\/wp-json\/wp\/v2\/types\/post"}],"author":[{"embeddable":true,"href":"https:\/\/corrientesdetarde.com\/index.php\/wp-json\/wp\/v2\/users\/1"}],"replies":[{"embeddable":true,"href":"https:\/\/corrientesdetarde.com\/index.php\/wp-json\/wp\/v2\/comments?post=96474"}],"version-history":[{"count":2,"href":"https:\/\/corrientesdetarde.com\/index.php\/wp-json\/wp\/v2\/posts\/96474\/revisions"}],"predecessor-version":[{"id":96493,"href":"https:\/\/corrientesdetarde.com\/index.php\/wp-json\/wp\/v2\/posts\/96474\/revisions\/96493"}],"wp:featuredmedia":[{"embeddable":true,"href":"https:\/\/corrientesdetarde.com\/index.php\/wp-json\/wp\/v2\/media\/96491"}],"wp:attachment":[{"href":"https:\/\/corrientesdetarde.com\/index.php\/wp-json\/wp\/v2\/media?parent=96474"}],"wp:term":[{"taxonomy":"category","embeddable":true,"href":"https:\/\/corrientesdetarde.com\/index.php\/wp-json\/wp\/v2\/categories?post=96474"},{"taxonomy":"post_tag","embeddable":true,"href":"https:\/\/corrientesdetarde.com\/index.php\/wp-json\/wp\/v2\/tags?post=96474"}],"curies":[{"name":"wp","href":"https:\/\/api.w.org\/{rel}","templated":true}]}}