{"id":96551,"date":"2023-10-21T10:03:07","date_gmt":"2023-10-21T13:03:07","guid":{"rendered":"https:\/\/corrientesdetarde.com\/?p=96551"},"modified":"2023-10-21T10:03:09","modified_gmt":"2023-10-21T13:03:09","slug":"la-ayuda-humanitaria-comenzo-a-entrar-a-la-franja-de-gaza","status":"publish","type":"post","link":"https:\/\/corrientesdetarde.com\/index.php\/internacionales\/la-ayuda-humanitaria-comenzo-a-entrar-a-la-franja-de-gaza\/","title":{"rendered":"La ayuda humanitaria comenz\u00f3 a entrar a la Franja de Gaza"},"content":{"rendered":"\n<p>Hasta el momento entraron unos 20 camiones de la Media Luna Roja, que se encarga del transporte de ayuda de la ONU. El operativo se inici\u00f3 luego de una negociada reapertura para asistir a los 2,4 millones de habitantes del enclave que est\u00e1n privados de agua, electricidad y combustible.<\/p>\n\n\n\n<p>Los primeros camiones con ayuda humanitaria ingresaron este s\u00e1bado a la Franja de Gaza a trav\u00e9s del \u00fanico paso fronterizo con Egipto, tras una negociada reapertura para asistir a los 2,4 millones de habitantes del enclave que est\u00e1n privados de agua, electricidad y combustible por un asedio de Israel como respuesta al ataque del movimiento islamista palestino Hamas llevado a cabo hace dos semanas.<\/p>\n\n\n\n<p>&#8220;Este primer convoy no debe ser el \u00faltimo&#8221;, declar\u00f3 el coordinador de operaciones de emergencia de la ONU, Martin Griffiths.<\/p>\n\n\n\n<p>&#8220;Este env\u00edo se produce tras d\u00edas de profundas e intensas negociaciones con todas las partes para garantizar que las operaciones de ayuda en Gaza se reanudan lo antes posible y en las condiciones adecuadas&#8221;, destac\u00f3 el directivo, quien se encuentra en El Cairo.<\/p>\n\n\n\n<p>Unos 175 camiones con ayuda humanitaria llevan d\u00edas esperando del lado egipcio para poder entrar por el paso fronterizo de Rafah a la Franja de Gaza, gobernada por Hamas y bajo intensos bombardeos israel\u00edes desde el 7 de octubre pasado.<\/p>\n\n\n\n<p>Hasta el momento entraron al enclave unos 20 camiones de la Media Luna Roja, que se encarga del transporte de ayuda de la ONU, constat\u00f3 la agencia de noticias AFP.<\/p>\n\n\n\n<p>Este n\u00famero coincide con lo adelantado el viernes por el presidente estadounidense, Joe Biden, cuando anunci\u00f3 un acuerdo con Egipto para permitir un primer convoy de hasta 20 camiones cargados de medicina, comida y agua.<\/p>\n\n\n\n<p>&#8220;Suministros m\u00e9dicos cruzaron la frontera de Rafah, pero las necesidades son mucho mayores&#8221;, indic\u00f3 en su cuenta de la red social X (antes Twitter), el director general de la Organizaci\u00f3n Mundial de la Salud (OMS), Tedros Adhanom Ghebreyesus.<\/p>\n\n\n\n<p>El m\u00e9dico et\u00edope exigi\u00f3 de forma &#8220;urgente&#8221; que se permita el paso seguro de m\u00e1s camiones, la protecci\u00f3n de todos los trabajadores humanitarios y un acceso sostenido de la ayuda sanitaria.<\/p>\n\n\n\n<p>La agencia sanitaria de la ONU indic\u00f3 que cuatro camiones con suministros m\u00e9dicos aguardan el ingreso tambi\u00e9n por el cruce de Rafah para ayudar a los hospitales de Gaza que trabajan al &#8220;l\u00edmite debido a la escasez y el agotamiento de medicamentos&#8221;.<\/p>\n\n\n\n<p>&#8220;Estos suministros son un salvavidas para los heridos graves o los que luchan contra enfermedades cr\u00f3nicas y de otro tipo, que han soportado dos semanas angustiosas de acceso limitado a la atenci\u00f3n y grave escasez de medicamentos y suministros m\u00e9dicos&#8221;, apunt\u00f3 en un comunicado.<\/p>\n\n\n\n<p>En sinton\u00eda, el secretario general de la ONU, Ant\u00f3nio Guterres, afirm\u00f3 el viernes que &#8220;estos camiones no son s\u00f3lo camiones, son salvavidas, [que] marcan una diferencia de vida o muerte&#8221;.<\/p>\n\n\n\n<p>&#8220;Aplaudo la apertura del paso fronterizo de Rafah hacia Gaza para la ayuda humanitaria. Se trata de un importante primer paso que aliviar\u00e1 el sufrimiento de personas inocentes. Mis agradecimientos son para todos los involucrados que lo han posibilitado&#8221;, dijo la presidenta de la Comisi\u00f3n Europea, Ursula von der Leyen, en la red X.<\/p>\n\n\n\n<p><strong>El asedio a la Franja de Gaza<\/strong><\/p>\n\n\n\n<p>Israel impuso el 9 de octubre un &#8220;asedio total&#8221; a la Franja de Gaza, controlada por Hamas, que dos d\u00edas antes lanz\u00f3 una incursi\u00f3n sin precedentes en suelo israel\u00ed, que dej\u00f3 desde entonces m\u00e1s de 1.400 muertos, la mayor\u00eda civiles, seg\u00fan las autoridades de ese pa\u00eds.<\/p>\n\n\n\n<p>El ej\u00e9rcito israel\u00ed mat\u00f3 a unos 1.500 combatientes de Ham\u00e1s en su contraofensiva, para recuperar el control de las zonas atacadas en el sur del pa\u00eds.<\/p>\n\n\n\n<p>Dentro de la Franja de Gaza, m\u00e1s de 4.100 palestinos, en su mayor\u00eda civiles, murieron en los incesantes bombardeos israel\u00edes efectuados en represalia desde el 7 de octubre, seg\u00fan el Ministerio de Salud de este territorio.<\/p>\n","protected":false},"excerpt":{"rendered":"<p>Hasta el momento entraron unos 20 camiones de la Media Luna Roja, que se encarga del transporte de ayuda de la ONU. El operativo se inici\u00f3 luego de una negociada&hellip; <\/p>\n","protected":false},"author":3,"featured_media":96552,"comment_status":"closed","ping_status":"open","sticky":false,"template":"","format":"standard","meta":{"footnotes":""},"categories":[11],"tags":[],"class_list":["post-96551","post","type-post","status-publish","format-standard","has-post-thumbnail","hentry","category-internacionales"],"_links":{"self":[{"href":"https:\/\/corrientesdetarde.com\/index.php\/wp-json\/wp\/v2\/posts\/96551","targetHints":{"allow":["GET"]}}],"collection":[{"href":"https:\/\/corrientesdetarde.com\/index.php\/wp-json\/wp\/v2\/posts"}],"about":[{"href":"https:\/\/corrientesdetarde.com\/index.php\/wp-json\/wp\/v2\/types\/post"}],"author":[{"embeddable":true,"href":"https:\/\/corrientesdetarde.com\/index.php\/wp-json\/wp\/v2\/users\/3"}],"replies":[{"embeddable":true,"href":"https:\/\/corrientesdetarde.com\/index.php\/wp-json\/wp\/v2\/comments?post=96551"}],"version-history":[{"count":1,"href":"https:\/\/corrientesdetarde.com\/index.php\/wp-json\/wp\/v2\/posts\/96551\/revisions"}],"predecessor-version":[{"id":96553,"href":"https:\/\/corrientesdetarde.com\/index.php\/wp-json\/wp\/v2\/posts\/96551\/revisions\/96553"}],"wp:featuredmedia":[{"embeddable":true,"href":"https:\/\/corrientesdetarde.com\/index.php\/wp-json\/wp\/v2\/media\/96552"}],"wp:attachment":[{"href":"https:\/\/corrientesdetarde.com\/index.php\/wp-json\/wp\/v2\/media?parent=96551"}],"wp:term":[{"taxonomy":"category","embeddable":true,"href":"https:\/\/corrientesdetarde.com\/index.php\/wp-json\/wp\/v2\/categories?post=96551"},{"taxonomy":"post_tag","embeddable":true,"href":"https:\/\/corrientesdetarde.com\/index.php\/wp-json\/wp\/v2\/tags?post=96551"}],"curies":[{"name":"wp","href":"https:\/\/api.w.org\/{rel}","templated":true}]}}