{"id":96684,"date":"2023-10-22T09:35:52","date_gmt":"2023-10-22T12:35:52","guid":{"rendered":"https:\/\/corrientesdetarde.com\/?p=96684"},"modified":"2023-10-22T09:35:57","modified_gmt":"2023-10-22T12:35:57","slug":"charlotte-caniggia-acuso-a-coti-romero-de-falsa","status":"publish","type":"post","link":"https:\/\/corrientesdetarde.com\/index.php\/espectaculos\/charlotte-caniggia-acuso-a-coti-romero-de-falsa\/","title":{"rendered":"Charlotte Caniggia acus\u00f3 a Coti Romero de &#8220;falsa&#8221;"},"content":{"rendered":"\n<p>En la noche de este viernes, el Bailando 2023 de Marcelo Tinelli tuvo un destacado condimento: las parejas de baile pod\u00edan votarse para ir a la sentencia entre ellas, por lo que no tardaron en aparecer las indirectas y el picante de siempre.<\/p>\n\n\n\n<p><br>Cuando fue el turno de Charlotte Caniggia, la medi\u00e1tica pas\u00f3 al frente y sostuvo: &#8220;Yo vengo a sacarle la careta a una falsa&#8221;, ante la mirada at\u00f3nica de Tinelli y de todo el estudio.<\/p>\n\n\n\n<p>\u00a0<br>&#8220;Se pic\u00f3 el programa&#8221;, dijo el conductor, tras lo cual la hija de Mariana Nannis: &#8220;Te voy a contar una peque\u00f1a an\u00e9cdota, hace poquito pens\u00e9 que era copada y me mand\u00f3 al frente ac\u00e1 en el programa, una re falsa total, yo voto a la falsa de Coti&#8221;.<\/p>\n\n\n\n<figure class=\"wp-block-embed is-type-video is-provider-youtube wp-block-embed-youtube wp-embed-aspect-16-9 wp-has-aspect-ratio\"><div class=\"wp-block-embed__wrapper\">\n<iframe loading=\"lazy\" title=\"Charlotte Caniggia acus\u00f3 a Coti Romero de &quot;falsa&quot;\" width=\"1110\" height=\"624\" src=\"https:\/\/www.youtube.com\/embed\/cTW5dC2uKJM?feature=oembed\" frameborder=\"0\" allow=\"accelerometer; autoplay; clipboard-write; encrypted-media; gyroscope; picture-in-picture; web-share\" allowfullscreen><\/iframe>\n<\/div><\/figure>\n\n\n\n<p><strong>Coti Romero le respondi\u00f3 sin filtro a Charlotte Caniggia<\/strong><\/p>\n\n\n\n<p><br>Luego lleg\u00f3 el momento de Coti y la rubia decidi\u00f3 aclarar lo que pas\u00f3: &#8220;En realidad no me cont\u00f3 a m\u00ed, lo dijo abiertamente en un momento, y cuando yo fui al streaming en un momento cont\u00e9 y de repente empezaron a hablar ac\u00e1 y yo digo &#8220;chicos no me quemen, no lo digan&#8221;, de hecho le mand\u00e9 un mensaje a \u00c1ngel (de Brito) y le dije &#8220;yo a la gente que quiero la voy a proteger y yo a Charlotte, aunque diga que soy falsa, la quiero y me parece un personajazo&#8221;.<\/p>\n","protected":false},"excerpt":{"rendered":"<p>En la noche de este viernes, el Bailando 2023 de Marcelo Tinelli tuvo un destacado condimento: las parejas de baile pod\u00edan votarse para ir a la sentencia entre ellas, por&hellip; <\/p>\n","protected":false},"author":1,"featured_media":96691,"comment_status":"closed","ping_status":"open","sticky":false,"template":"","format":"standard","meta":{"footnotes":""},"categories":[19],"tags":[],"class_list":["post-96684","post","type-post","status-publish","format-standard","has-post-thumbnail","hentry","category-espectaculos"],"_links":{"self":[{"href":"https:\/\/corrientesdetarde.com\/index.php\/wp-json\/wp\/v2\/posts\/96684","targetHints":{"allow":["GET"]}}],"collection":[{"href":"https:\/\/corrientesdetarde.com\/index.php\/wp-json\/wp\/v2\/posts"}],"about":[{"href":"https:\/\/corrientesdetarde.com\/index.php\/wp-json\/wp\/v2\/types\/post"}],"author":[{"embeddable":true,"href":"https:\/\/corrientesdetarde.com\/index.php\/wp-json\/wp\/v2\/users\/1"}],"replies":[{"embeddable":true,"href":"https:\/\/corrientesdetarde.com\/index.php\/wp-json\/wp\/v2\/comments?post=96684"}],"version-history":[{"count":1,"href":"https:\/\/corrientesdetarde.com\/index.php\/wp-json\/wp\/v2\/posts\/96684\/revisions"}],"predecessor-version":[{"id":96692,"href":"https:\/\/corrientesdetarde.com\/index.php\/wp-json\/wp\/v2\/posts\/96684\/revisions\/96692"}],"wp:featuredmedia":[{"embeddable":true,"href":"https:\/\/corrientesdetarde.com\/index.php\/wp-json\/wp\/v2\/media\/96691"}],"wp:attachment":[{"href":"https:\/\/corrientesdetarde.com\/index.php\/wp-json\/wp\/v2\/media?parent=96684"}],"wp:term":[{"taxonomy":"category","embeddable":true,"href":"https:\/\/corrientesdetarde.com\/index.php\/wp-json\/wp\/v2\/categories?post=96684"},{"taxonomy":"post_tag","embeddable":true,"href":"https:\/\/corrientesdetarde.com\/index.php\/wp-json\/wp\/v2\/tags?post=96684"}],"curies":[{"name":"wp","href":"https:\/\/api.w.org\/{rel}","templated":true}]}}