{"id":96739,"date":"2023-10-22T11:09:57","date_gmt":"2023-10-22T14:09:57","guid":{"rendered":"https:\/\/corrientesdetarde.com\/?p=96739"},"modified":"2023-10-22T12:21:46","modified_gmt":"2023-10-22T15:21:46","slug":"alberto-fernandez-es-un-dia-importante-en-el-que-los-y-las-argentinas-decidimos-el-futuro","status":"publish","type":"post","link":"https:\/\/corrientesdetarde.com\/index.php\/politica\/alberto-fernandez-es-un-dia-importante-en-el-que-los-y-las-argentinas-decidimos-el-futuro\/","title":{"rendered":"Alberto Fern\u00e1ndez: \u201cEs un d\u00eda importante en el que los y las argentinas decidimos el  Futuro\u201d"},"content":{"rendered":"\n<p>El presidente Alberto Fern\u00e1ndez emiti\u00f3 su voto esta ma\u00f1ana en las elecciones generales para la Presidencia en la sede de la Universidad Cat\u00f3lica Argentina (UCA) de Puerto Madero, en la Ciudad Aut\u00f3noma de Buenos Aires.<\/p>\n\n\n\n<p>\u201cEstamos en el cuadrag\u00e9simo a\u00f1o de la democracia, con lo cual es un d\u00eda particularmente importante en el que las y los argentinos estamos decidiendo el futuro. Por eso quiero invitar a todos los argentinos y las argentinas a votar y a que se expresen\u201d, afirm\u00f3 el mandatario.<\/p>\n\n\n\n<figure class=\"wp-block-embed is-type-video is-provider-youtube wp-block-embed-youtube wp-embed-aspect-16-9 wp-has-aspect-ratio\"><div class=\"wp-block-embed__wrapper\">\n<iframe loading=\"lazy\" title=\"Vot\u00f3 Alberto Fern\u00e1ndez y llam\u00f3 a la gente a que &quot;elija su destino, proteja sus derechos&quot;\" width=\"1110\" height=\"624\" src=\"https:\/\/www.youtube.com\/embed\/EM5byLCUk_M?feature=oembed\" frameborder=\"0\" allow=\"accelerometer; autoplay; clipboard-write; encrypted-media; gyroscope; picture-in-picture; web-share\" allowfullscreen><\/iframe>\n<\/div><\/figure>\n\n\n\n<p>El jefe de Estado se\u00f1al\u00f3 que \u201chemos hecho todo lo necesario para que este proceso electoral se desarrolle en paz, con tranquilidad, y que cada uno se pueda expresar. El resto lo decide la democracia y lo resuelve el pueblo\u201d.<\/p>\n","protected":false},"excerpt":{"rendered":"<p>El presidente Alberto Fern\u00e1ndez emiti\u00f3 su voto esta ma\u00f1ana en las elecciones generales para la Presidencia en la sede de la Universidad Cat\u00f3lica Argentina (UCA) de Puerto Madero, en la&hellip; <\/p>\n","protected":false},"author":11,"featured_media":96740,"comment_status":"closed","ping_status":"open","sticky":false,"template":"","format":"standard","meta":{"footnotes":""},"categories":[26,3],"tags":[66,98],"class_list":["post-96739","post","type-post","status-publish","format-standard","has-post-thumbnail","hentry","category-destacados","category-politica","tag-alberto","tag-fernandez"],"_links":{"self":[{"href":"https:\/\/corrientesdetarde.com\/index.php\/wp-json\/wp\/v2\/posts\/96739","targetHints":{"allow":["GET"]}}],"collection":[{"href":"https:\/\/corrientesdetarde.com\/index.php\/wp-json\/wp\/v2\/posts"}],"about":[{"href":"https:\/\/corrientesdetarde.com\/index.php\/wp-json\/wp\/v2\/types\/post"}],"author":[{"embeddable":true,"href":"https:\/\/corrientesdetarde.com\/index.php\/wp-json\/wp\/v2\/users\/11"}],"replies":[{"embeddable":true,"href":"https:\/\/corrientesdetarde.com\/index.php\/wp-json\/wp\/v2\/comments?post=96739"}],"version-history":[{"count":4,"href":"https:\/\/corrientesdetarde.com\/index.php\/wp-json\/wp\/v2\/posts\/96739\/revisions"}],"predecessor-version":[{"id":96766,"href":"https:\/\/corrientesdetarde.com\/index.php\/wp-json\/wp\/v2\/posts\/96739\/revisions\/96766"}],"wp:featuredmedia":[{"embeddable":true,"href":"https:\/\/corrientesdetarde.com\/index.php\/wp-json\/wp\/v2\/media\/96740"}],"wp:attachment":[{"href":"https:\/\/corrientesdetarde.com\/index.php\/wp-json\/wp\/v2\/media?parent=96739"}],"wp:term":[{"taxonomy":"category","embeddable":true,"href":"https:\/\/corrientesdetarde.com\/index.php\/wp-json\/wp\/v2\/categories?post=96739"},{"taxonomy":"post_tag","embeddable":true,"href":"https:\/\/corrientesdetarde.com\/index.php\/wp-json\/wp\/v2\/tags?post=96739"}],"curies":[{"name":"wp","href":"https:\/\/api.w.org\/{rel}","templated":true}]}}