{"id":96746,"date":"2023-10-22T11:31:03","date_gmt":"2023-10-22T14:31:03","guid":{"rendered":"https:\/\/corrientesdetarde.com\/?p=96746"},"modified":"2023-10-22T11:33:19","modified_gmt":"2023-10-22T14:33:19","slug":"gustavo-valdes-hay-que-votar-con-conviccion-con-ganas-de-salir-adelante","status":"publish","type":"post","link":"https:\/\/corrientesdetarde.com\/index.php\/locales\/gustavo-valdes-hay-que-votar-con-conviccion-con-ganas-de-salir-adelante\/","title":{"rendered":"Gustavo Vald\u00e9s: &#8220;Hay que votar con convicci\u00f3n con ganas de salir adelante&#8221;"},"content":{"rendered":"\n<p><strong>Vald\u00e9s llam\u00f3 a seguir consolidando la democracia con el voto,<\/strong><\/p>\n\n\n\n<p><strong>y destac\u00f3 que los comicios transcurren con normalidad<\/strong><\/p>\n\n\n\n<p>El gobernador Gustavo Vald\u00e9s cumpli\u00f3 con su obligaci\u00f3n c\u00edvica y emiti\u00f3 su voto esta ma\u00f1ana en la mesa 25 de la Escuela N\u00b0 2 \u201cDomingo Faustino\u201d Sarmiento, en el marco de las elecciones generales 2023 para elegir presidente.&nbsp;&nbsp;\u201cA 40 a\u00f1os de la recuperaci\u00f3n definitiva de la democracia, ejerzamos libre y responsablemente el derecho al voto: con nuestra participaci\u00f3n, consolid\u00e9mosla\u201d, reflexion\u00f3 el mandatario, al referirse a la importancia del acto eleccionario, resaltando que los mismos se llevan adelante con normalidad en toda la Provincia.<\/p>\n\n\n\n<p>Luego de votar y al ser consultado por los medios de prensa, el gobernador manifest\u00f3 que en esta jornada tan importante, con 40 a\u00f1os de democracia para el pa\u00eds, \u201cla votaci\u00f3n transcurre con absoluta normalidad\u201d, m\u00e1s all\u00e1 que se registraron lluvias en algunos puntos de la Provincia.<\/p>\n\n\n\n<p>\u201cLos argentinos elegimos nuevo presidente, y el objetivo es seguir construyendo esta democracia que nos iguala a todos\u201d, agreg\u00f3 Vald\u00e9s, enfatizando que en el caso que ninguno de los candidatos pueda imponerse en primera vuelta, \u201cen 21 d\u00edas vamos a estar definiendo qui\u00e9n comandar\u00e1 los destinos de la naci\u00f3n\u201d.<\/p>\n\n\n\n<p>Continuando con sus palabras, el gobernador puntualiz\u00f3 que los argentinos\u201d nos acostumbramos a vivir en democracia\u201d y en ese sentido consider\u00f3 clave que la gente participe y asista a votar, que lo haga con \u201ccon respeto, convicci\u00f3n y con ganas de que el pa\u00eds salga adelante\u201d.<\/p>\n\n\n\n<p>&nbsp;Respecto a la participaci\u00f3n, Vald\u00e9s fue claro al se\u00f1alar que \u201csabemos que va a votar mucha m\u00e1s gente que en las PASO, porque en las generales el n\u00famero se acrecienta\u201d y expres\u00f3 que se espera un porcentaje de asistencia a las urnas, del orden del 80% del padr\u00f3n.<\/p>\n\n\n\n<p>Para concluir, Vald\u00e9s manifest\u00f3 que es tan importante el voto joven, como del resto de las franjas etar\u00edas, porque lo trascendente es \u201cseguir consolidando nuestra democracia\u201d.<\/p>\n\n\n\n<p><\/p>\n","protected":false},"excerpt":{"rendered":"<p>Vald\u00e9s llam\u00f3 a seguir consolidando la democracia con el voto, y destac\u00f3 que los comicios transcurren con normalidad El gobernador Gustavo Vald\u00e9s cumpli\u00f3 con su obligaci\u00f3n c\u00edvica y emiti\u00f3 su&hellip; <\/p>\n","protected":false},"author":1,"featured_media":96750,"comment_status":"closed","ping_status":"open","sticky":false,"template":"","format":"standard","meta":{"footnotes":""},"categories":[8],"tags":[],"class_list":["post-96746","post","type-post","status-publish","format-standard","has-post-thumbnail","hentry","category-locales"],"_links":{"self":[{"href":"https:\/\/corrientesdetarde.com\/index.php\/wp-json\/wp\/v2\/posts\/96746","targetHints":{"allow":["GET"]}}],"collection":[{"href":"https:\/\/corrientesdetarde.com\/index.php\/wp-json\/wp\/v2\/posts"}],"about":[{"href":"https:\/\/corrientesdetarde.com\/index.php\/wp-json\/wp\/v2\/types\/post"}],"author":[{"embeddable":true,"href":"https:\/\/corrientesdetarde.com\/index.php\/wp-json\/wp\/v2\/users\/1"}],"replies":[{"embeddable":true,"href":"https:\/\/corrientesdetarde.com\/index.php\/wp-json\/wp\/v2\/comments?post=96746"}],"version-history":[{"count":3,"href":"https:\/\/corrientesdetarde.com\/index.php\/wp-json\/wp\/v2\/posts\/96746\/revisions"}],"predecessor-version":[{"id":96754,"href":"https:\/\/corrientesdetarde.com\/index.php\/wp-json\/wp\/v2\/posts\/96746\/revisions\/96754"}],"wp:featuredmedia":[{"embeddable":true,"href":"https:\/\/corrientesdetarde.com\/index.php\/wp-json\/wp\/v2\/media\/96750"}],"wp:attachment":[{"href":"https:\/\/corrientesdetarde.com\/index.php\/wp-json\/wp\/v2\/media?parent=96746"}],"wp:term":[{"taxonomy":"category","embeddable":true,"href":"https:\/\/corrientesdetarde.com\/index.php\/wp-json\/wp\/v2\/categories?post=96746"},{"taxonomy":"post_tag","embeddable":true,"href":"https:\/\/corrientesdetarde.com\/index.php\/wp-json\/wp\/v2\/tags?post=96746"}],"curies":[{"name":"wp","href":"https:\/\/api.w.org\/{rel}","templated":true}]}}