{"id":96747,"date":"2023-10-22T11:29:48","date_gmt":"2023-10-22T14:29:48","guid":{"rendered":"https:\/\/corrientesdetarde.com\/?p=96747"},"modified":"2023-10-22T11:29:59","modified_gmt":"2023-10-22T14:29:59","slug":"bajo-la-consigna-de-la-esperanza-voto-perucho-cassani","status":"publish","type":"post","link":"https:\/\/corrientesdetarde.com\/index.php\/sociales\/bajo-la-consigna-de-la-esperanza-voto-perucho-cassani\/","title":{"rendered":"<strong>Bajo la consigna de la Esperanza vot\u00f3 &#8220;Perucho&#8221; Cassani<\/strong>"},"content":{"rendered":"\n<p>Instando a la participaci\u00f3n &#8220;con esperanza&#8221;, vot\u00f3 en la Escuela 66 de Goya, el presidente de la C\u00e1mara de Diputados&nbsp;<strong>Pedro \u201cPerucho\u201d Cassani,<\/strong>&nbsp;como siempre lo hace: cerca de las 9 horas.<\/p>\n\n\n\n<p>\u201cPuede ser un momento de inflexi\u00f3n para Argentina\u2026 Tengo expectativas de que los ciudadanos ser\u00e1n protagonistas de esta jornada hist\u00f3rica\u201d, se\u00f1al\u00f3 para opinar que la Argentina que necesitamos ser\u00e1 con m\u00e1s y mejor pol\u00edtica.<\/p>\n\n\n\n<p><strong>\u201c40 a\u00f1os de democracia ininterrumpida merece ser fortalecida con participaci\u00f3n, en las urnas y fuera de ella\u201d,<\/strong>&nbsp;explic\u00f3 para recordar el momento hist\u00f3rico del restablecimiento de la democracia.<\/p>\n\n\n\n<p>\u201cArgentina vive momentos complejos, dif\u00edciles; por eso, en el d\u00eda de hoy, convoco a que todos los que est\u00e1n habilitados a votar tomen un momento su d\u00eda para venir a expresar en qu\u00e9 pa\u00eds quiere vivir\u2026 Los Argentinos debemos hacernos cargo de nuestro presente y nuestro futuro. Es una elecci\u00f3n, probablemente de las m\u00e1s importantes, desde mi evaluaci\u00f3n, de estos \u00faltimos 40 a\u00f1os. El camino es con mejor democracia, con espacios comunes para encontrarnos, dejando atr\u00e1s la famosa grieta\u201d, reflexion\u00f3.<\/p>\n\n\n\n<p>Coment\u00f3 adem\u00e1s que si bien el clima era lluvioso, ten\u00eda mucha fe en que los goyanos iban a acercarse a votar para manifestar su decisi\u00f3n.<\/p>\n\n\n\n<p>Resalt\u00f3 tambi\u00e9n sus expectativas sobre las municipalidades donde se eligen Concejales y Defensor de los Vecinos, donde el partido que preside presenta candidatos en el marco de la alianza ECO.<\/p>\n","protected":false},"excerpt":{"rendered":"<p>Instando a la participaci\u00f3n &#8220;con esperanza&#8221;, vot\u00f3 en la Escuela 66 de Goya, el presidente de la C\u00e1mara de Diputados&nbsp;Pedro \u201cPerucho\u201d Cassani,&nbsp;como siempre lo hace: cerca de las 9 horas.&hellip; <\/p>\n","protected":false},"author":1,"featured_media":96748,"comment_status":"closed","ping_status":"open","sticky":false,"template":"","format":"standard","meta":{"footnotes":""},"categories":[17],"tags":[],"class_list":["post-96747","post","type-post","status-publish","format-standard","has-post-thumbnail","hentry","category-sociales"],"_links":{"self":[{"href":"https:\/\/corrientesdetarde.com\/index.php\/wp-json\/wp\/v2\/posts\/96747","targetHints":{"allow":["GET"]}}],"collection":[{"href":"https:\/\/corrientesdetarde.com\/index.php\/wp-json\/wp\/v2\/posts"}],"about":[{"href":"https:\/\/corrientesdetarde.com\/index.php\/wp-json\/wp\/v2\/types\/post"}],"author":[{"embeddable":true,"href":"https:\/\/corrientesdetarde.com\/index.php\/wp-json\/wp\/v2\/users\/1"}],"replies":[{"embeddable":true,"href":"https:\/\/corrientesdetarde.com\/index.php\/wp-json\/wp\/v2\/comments?post=96747"}],"version-history":[{"count":1,"href":"https:\/\/corrientesdetarde.com\/index.php\/wp-json\/wp\/v2\/posts\/96747\/revisions"}],"predecessor-version":[{"id":96749,"href":"https:\/\/corrientesdetarde.com\/index.php\/wp-json\/wp\/v2\/posts\/96747\/revisions\/96749"}],"wp:featuredmedia":[{"embeddable":true,"href":"https:\/\/corrientesdetarde.com\/index.php\/wp-json\/wp\/v2\/media\/96748"}],"wp:attachment":[{"href":"https:\/\/corrientesdetarde.com\/index.php\/wp-json\/wp\/v2\/media?parent=96747"}],"wp:term":[{"taxonomy":"category","embeddable":true,"href":"https:\/\/corrientesdetarde.com\/index.php\/wp-json\/wp\/v2\/categories?post=96747"},{"taxonomy":"post_tag","embeddable":true,"href":"https:\/\/corrientesdetarde.com\/index.php\/wp-json\/wp\/v2\/tags?post=96747"}],"curies":[{"name":"wp","href":"https:\/\/api.w.org\/{rel}","templated":true}]}}