{"id":96862,"date":"2023-10-22T21:21:13","date_gmt":"2023-10-23T00:21:13","guid":{"rendered":"https:\/\/corrientesdetarde.com\/?p=96862"},"modified":"2023-10-22T21:21:25","modified_gmt":"2023-10-23T00:21:25","slug":"el-tuit-del-gobernador-gustavo-valdes-tras-los-comicios","status":"publish","type":"post","link":"https:\/\/corrientesdetarde.com\/index.php\/politica\/el-tuit-del-gobernador-gustavo-valdes-tras-los-comicios\/","title":{"rendered":"EL TUIT DEL GOBERNADOR GUSTAVO VALD\u00c9S TRAS LOS COMICIOS."},"content":{"rendered":"\n<h2 class=\"wp-block-heading\">El primer mandatario correntino escribi\u00f3 en su cuenta oficial de Twitter tras las elecciones generales 2023.<\/h2>\n\n\n\n<p>&#8220;\u00a1Gracias a los militantes que trabajaron durante la campa\u00f1a electoral, por su esfuerzo, as\u00ed como a las autoridades de mesa por su compromiso y a los votantes, por su participaci\u00f3n!&#8221;<\/p>\n\n\n\n<p>&#8220;A la democracia la fortalecemos entre todos&#8221;, agreg\u00f3.<\/p>\n\n\n\n<figure class=\"wp-block-embed is-type-rich is-provider-twitter wp-block-embed-twitter\"><div class=\"wp-block-embed__wrapper\">\n<blockquote class=\"twitter-tweet\" data-width=\"550\" data-dnt=\"true\"><p lang=\"es\" dir=\"ltr\">\u00a1Gracias a los militantes que trabajaron durante la campa\u00f1a electoral, por su esfuerzo, as\u00ed como a las autoridades de mesa por su compromiso y a los votantes, por su participaci\u00f3n!<br><br>A la democracia la fortalecemos entre todos.<\/p>&mdash; Gustavo Vald\u00e9s (@gustavovaldesok) <a href=\"https:\/\/twitter.com\/gustavovaldesok\/status\/1716243087704441278?ref_src=twsrc%5Etfw\">October 23, 2023<\/a><\/blockquote><script async src=\"https:\/\/platform.twitter.com\/widgets.js\" charset=\"utf-8\"><\/script>\n<\/div><\/figure>\n","protected":false},"excerpt":{"rendered":"<p>El primer mandatario correntino escribi\u00f3 en su cuenta oficial de Twitter tras las elecciones generales 2023. &#8220;\u00a1Gracias a los militantes que trabajaron durante la campa\u00f1a electoral, por su esfuerzo, as\u00ed&hellip; <\/p>\n","protected":false},"author":6,"featured_media":96869,"comment_status":"closed","ping_status":"open","sticky":false,"template":"","format":"standard","meta":{"footnotes":""},"categories":[3],"tags":[],"class_list":["post-96862","post","type-post","status-publish","format-standard","has-post-thumbnail","hentry","category-politica"],"_links":{"self":[{"href":"https:\/\/corrientesdetarde.com\/index.php\/wp-json\/wp\/v2\/posts\/96862","targetHints":{"allow":["GET"]}}],"collection":[{"href":"https:\/\/corrientesdetarde.com\/index.php\/wp-json\/wp\/v2\/posts"}],"about":[{"href":"https:\/\/corrientesdetarde.com\/index.php\/wp-json\/wp\/v2\/types\/post"}],"author":[{"embeddable":true,"href":"https:\/\/corrientesdetarde.com\/index.php\/wp-json\/wp\/v2\/users\/6"}],"replies":[{"embeddable":true,"href":"https:\/\/corrientesdetarde.com\/index.php\/wp-json\/wp\/v2\/comments?post=96862"}],"version-history":[{"count":1,"href":"https:\/\/corrientesdetarde.com\/index.php\/wp-json\/wp\/v2\/posts\/96862\/revisions"}],"predecessor-version":[{"id":96870,"href":"https:\/\/corrientesdetarde.com\/index.php\/wp-json\/wp\/v2\/posts\/96862\/revisions\/96870"}],"wp:featuredmedia":[{"embeddable":true,"href":"https:\/\/corrientesdetarde.com\/index.php\/wp-json\/wp\/v2\/media\/96869"}],"wp:attachment":[{"href":"https:\/\/corrientesdetarde.com\/index.php\/wp-json\/wp\/v2\/media?parent=96862"}],"wp:term":[{"taxonomy":"category","embeddable":true,"href":"https:\/\/corrientesdetarde.com\/index.php\/wp-json\/wp\/v2\/categories?post=96862"},{"taxonomy":"post_tag","embeddable":true,"href":"https:\/\/corrientesdetarde.com\/index.php\/wp-json\/wp\/v2\/tags?post=96862"}],"curies":[{"name":"wp","href":"https:\/\/api.w.org\/{rel}","templated":true}]}}