{"id":96871,"date":"2023-10-22T21:29:51","date_gmt":"2023-10-23T00:29:51","guid":{"rendered":"https:\/\/corrientesdetarde.com\/?p=96871"},"modified":"2023-10-22T21:29:54","modified_gmt":"2023-10-23T00:29:54","slug":"capitanich-aseguro-que-massa-gano-en-chaco","status":"publish","type":"post","link":"https:\/\/corrientesdetarde.com\/index.php\/politica\/capitanich-aseguro-que-massa-gano-en-chaco\/","title":{"rendered":"Capitanich asegur\u00f3 que Massa gan\u00f3 en Chaco."},"content":{"rendered":"\n<h2 class=\"wp-block-heading\">El mandatario chaque\u00f1o brind\u00f3 una conferencia de prensa donde asegur\u00f3 la victoria del candidato de Uni\u00f3n por la Patria en la provincia.<\/h2>\n\n\n\n<p>En conferencia de prensa realizada en el Sal\u00f3n Obligado, el gobernador&nbsp;Jorge Capitanich&nbsp;asegur\u00f3 el triunfo del candidato presidencial de Uni\u00f3n por la Patria,&nbsp;Sergio Massa, en la provincia de Chaco.<\/p>\n\n\n\n<p>El jefe del Ejecutivo provincial mencion\u00f3 que ya existe una &#8220;tendencia irreversible&#8221; a favor del actual ministro de Econom\u00eda. Sobre los porcentajes, Capitanich mencion\u00f3 que&nbsp;Sergio Massa&nbsp;cosecha el&nbsp;43% de los votos, mientras que&nbsp;La Libertad Avanza&nbsp;obtiene un&nbsp;28.42%&nbsp;y&nbsp;Juntos por el Cambio&nbsp;en tercer lugar con el&nbsp;24.02%.&nbsp;<\/p>\n\n\n\n<p>Luego de agradecer por la participaci\u00f3n de la ciudadan\u00eda, el mandatario chaque\u00f1o comunic\u00f3: &#8220;Ya tenemos una compilaci\u00f3n de los datos sobre la base de la participaci\u00f3n de cada una de las localidades.&nbsp;Esto nos da una tendencia irreversible para el candidato a presidente Sergio Massa en la provincia del Chaco&#8221;.&nbsp;<\/p>\n\n\n\n<p>Sobre los resultados para la categor\u00eda de diputados nacionales, manifest\u00f3 que&nbsp;Uni\u00f3n por la Patria alcanza un 38.71%,&nbsp;Juntos por el Cambio 31.96% y La Libertad Avanza 29.33%. En estos porcentajes se expone&nbsp;el corte de boleta&nbsp;y la diferencia respecto a la categor\u00eda para Presidente y Vicepresidente en Chaco.<\/p>\n\n\n\n<p>En un mensaje dirigido a la militancia, el Gobernador agradeci\u00f3 a los chaque\u00f1os &#8220;porque ha podido participar activamente y cumpliendo con el deber c\u00edvico&#8221;. Asimismo,\u00a0le habl\u00f3 directamente a Sergio Massa\u00a0y afirm\u00f3 que ser\u00e1 &#8220;nuestro pr\u00f3ximo presidente&#8221;.<\/p>\n\n\n\n<p><\/p>\n","protected":false},"excerpt":{"rendered":"<p>El mandatario chaque\u00f1o brind\u00f3 una conferencia de prensa donde asegur\u00f3 la victoria del candidato de Uni\u00f3n por la Patria en la provincia. En conferencia de prensa realizada en el Sal\u00f3n&hellip; <\/p>\n","protected":false},"author":6,"featured_media":96875,"comment_status":"closed","ping_status":"open","sticky":false,"template":"","format":"standard","meta":{"footnotes":""},"categories":[3],"tags":[],"class_list":["post-96871","post","type-post","status-publish","format-standard","has-post-thumbnail","hentry","category-politica"],"_links":{"self":[{"href":"https:\/\/corrientesdetarde.com\/index.php\/wp-json\/wp\/v2\/posts\/96871","targetHints":{"allow":["GET"]}}],"collection":[{"href":"https:\/\/corrientesdetarde.com\/index.php\/wp-json\/wp\/v2\/posts"}],"about":[{"href":"https:\/\/corrientesdetarde.com\/index.php\/wp-json\/wp\/v2\/types\/post"}],"author":[{"embeddable":true,"href":"https:\/\/corrientesdetarde.com\/index.php\/wp-json\/wp\/v2\/users\/6"}],"replies":[{"embeddable":true,"href":"https:\/\/corrientesdetarde.com\/index.php\/wp-json\/wp\/v2\/comments?post=96871"}],"version-history":[{"count":1,"href":"https:\/\/corrientesdetarde.com\/index.php\/wp-json\/wp\/v2\/posts\/96871\/revisions"}],"predecessor-version":[{"id":96876,"href":"https:\/\/corrientesdetarde.com\/index.php\/wp-json\/wp\/v2\/posts\/96871\/revisions\/96876"}],"wp:featuredmedia":[{"embeddable":true,"href":"https:\/\/corrientesdetarde.com\/index.php\/wp-json\/wp\/v2\/media\/96875"}],"wp:attachment":[{"href":"https:\/\/corrientesdetarde.com\/index.php\/wp-json\/wp\/v2\/media?parent=96871"}],"wp:term":[{"taxonomy":"category","embeddable":true,"href":"https:\/\/corrientesdetarde.com\/index.php\/wp-json\/wp\/v2\/categories?post=96871"},{"taxonomy":"post_tag","embeddable":true,"href":"https:\/\/corrientesdetarde.com\/index.php\/wp-json\/wp\/v2\/tags?post=96871"}],"curies":[{"name":"wp","href":"https:\/\/api.w.org\/{rel}","templated":true}]}}