{"id":96877,"date":"2023-10-22T21:32:35","date_gmt":"2023-10-23T00:32:35","guid":{"rendered":"https:\/\/corrientesdetarde.com\/?p=96877"},"modified":"2023-10-22T21:35:03","modified_gmt":"2023-10-23T00:35:03","slug":"un-muerto-en-la-previa-de-la-final-de-libertadores-en-el-maracana","status":"publish","type":"post","link":"https:\/\/corrientesdetarde.com\/index.php\/deportes\/un-muerto-en-la-previa-de-la-final-de-libertadores-en-el-maracana\/","title":{"rendered":"Un muerto en la estaci\u00f3n de trenes cercana al Maracan\u00e1."},"content":{"rendered":"\n<h2 class=\"wp-block-heading\">Hubo varias disputas entre hinchas de Flamengo y Vasco da Gama antes del cl\u00e1sico: muri\u00f3 una persona y al menos otras cuatro resultaron heridas.<\/h2>\n\n\n\n<p>Flamengo, con el arquero argentino&nbsp;Agust\u00edn Rossi&nbsp;como titular, venci\u00f3 a&nbsp;Vasco da Gama, dirigido por el DT&nbsp;Ram\u00f3n D\u00edaz, por 1 a 0, en la continuidad de la 28va. fecha de la&nbsp;Liga Brasile\u00f1a, tambi\u00e9n conocida como&nbsp;Brasileirao. El \u00fanico gol del encuentro lo marc\u00f3 el mediocampista&nbsp;Gerson, a los 31 minutos del segundo tiempo, mientras que el ex arquero de&nbsp;Boca&nbsp;cumpli\u00f3 una destacada actuaci\u00f3n.<\/p>\n\n\n\n<p>Con la victoria,&nbsp;Flamengo&nbsp;alcanz\u00f3 el segundo lugar en la tabla con 50 unidades, ocho por debajo del l\u00edder&nbsp;Botafogo, que tiene pendiente la finalizaci\u00f3n de su encuentro con&nbsp;Atl\u00e9tico Paranaense, suspendido ayer por falta de luz cuando igualaban 1 a 1.<\/p>\n\n\n\n<p>Por su parte, el conjunto del DT riojano, donde fue titular el delantero nacional\u00a0Pablo Vegetti, volvi\u00f3 a puestos de descenso con 30 unidades, una por debajo de\u00a0Goi\u00e1s, \u00faltimo en escalones de salvaci\u00f3n.<\/p>\n\n\n\n<p>Los fuertes cruces en la previa del duelo entre&nbsp;Flamengo&nbsp;y&nbsp;Vasco Da Gama&nbsp;gener\u00f3 la muerte de una persona por un balazo que despert\u00f3 la conmoci\u00f3n en Brasil: adem\u00e1s, hubieron heridas graves en por lo menos cuatro m\u00e1s, tres por disparos de arma de fuego y otra por un cuchillazo. Los heridos fueron llevados al hospital Municipal Rocha Faria, seg\u00fan difundi\u00f3 el sitio Globoesporte.<\/p>\n\n\n\n<p>Los repudiables hechos ocurrieron en la estaci\u00f3n de tren Cosmos, en la&nbsp;Zona Oeste. Luego de todo lo sucedido hubo 40 detenidos y la causa sigue abierta.<\/p>\n","protected":false},"excerpt":{"rendered":"<p>Hubo varias disputas entre hinchas de Flamengo y Vasco da Gama antes del cl\u00e1sico: muri\u00f3 una persona y al menos otras cuatro resultaron heridas. Flamengo, con el arquero argentino&nbsp;Agust\u00edn Rossi&nbsp;como&hellip; <\/p>\n","protected":false},"author":6,"featured_media":96878,"comment_status":"closed","ping_status":"open","sticky":false,"template":"","format":"standard","meta":{"footnotes":""},"categories":[4],"tags":[],"class_list":["post-96877","post","type-post","status-publish","format-standard","has-post-thumbnail","hentry","category-deportes"],"_links":{"self":[{"href":"https:\/\/corrientesdetarde.com\/index.php\/wp-json\/wp\/v2\/posts\/96877","targetHints":{"allow":["GET"]}}],"collection":[{"href":"https:\/\/corrientesdetarde.com\/index.php\/wp-json\/wp\/v2\/posts"}],"about":[{"href":"https:\/\/corrientesdetarde.com\/index.php\/wp-json\/wp\/v2\/types\/post"}],"author":[{"embeddable":true,"href":"https:\/\/corrientesdetarde.com\/index.php\/wp-json\/wp\/v2\/users\/6"}],"replies":[{"embeddable":true,"href":"https:\/\/corrientesdetarde.com\/index.php\/wp-json\/wp\/v2\/comments?post=96877"}],"version-history":[{"count":3,"href":"https:\/\/corrientesdetarde.com\/index.php\/wp-json\/wp\/v2\/posts\/96877\/revisions"}],"predecessor-version":[{"id":96881,"href":"https:\/\/corrientesdetarde.com\/index.php\/wp-json\/wp\/v2\/posts\/96877\/revisions\/96881"}],"wp:featuredmedia":[{"embeddable":true,"href":"https:\/\/corrientesdetarde.com\/index.php\/wp-json\/wp\/v2\/media\/96878"}],"wp:attachment":[{"href":"https:\/\/corrientesdetarde.com\/index.php\/wp-json\/wp\/v2\/media?parent=96877"}],"wp:term":[{"taxonomy":"category","embeddable":true,"href":"https:\/\/corrientesdetarde.com\/index.php\/wp-json\/wp\/v2\/categories?post=96877"},{"taxonomy":"post_tag","embeddable":true,"href":"https:\/\/corrientesdetarde.com\/index.php\/wp-json\/wp\/v2\/tags?post=96877"}],"curies":[{"name":"wp","href":"https:\/\/api.w.org\/{rel}","templated":true}]}}