{"id":96882,"date":"2023-10-22T21:49:45","date_gmt":"2023-10-23T00:49:45","guid":{"rendered":"https:\/\/corrientesdetarde.com\/?p=96882"},"modified":"2023-10-22T21:49:57","modified_gmt":"2023-10-23T00:49:57","slug":"sergio-massa-y-javier-milei-definiran-en-balotaje-quien-sera-el-proximo-presidente","status":"publish","type":"post","link":"https:\/\/corrientesdetarde.com\/index.php\/nacionales\/sergio-massa-y-javier-milei-definiran-en-balotaje-quien-sera-el-proximo-presidente\/","title":{"rendered":"SERGIO MASSA Y JAVIER MILEI DEFINIR\u00c1N EN BALOTAJE QUI\u00c9N SER\u00c1 EL PR\u00d3XIMO PRESIDENTE."},"content":{"rendered":"\n<h2 class=\"wp-block-heading\">El ministro de Econom\u00eda fue el candidato m\u00e1s votado de acuerdo a los datos oficiales. Enfrentar\u00e1 el 19 de noviembre al l\u00edder de la Libertad Avanza en la segunda vuelta. Patricia Bullrich termin\u00f3 tercera, muy lejos de los primeros dos postulantes<\/h2>\n\n\n\n<p><strong>El candidato de Uni\u00f3n por la Patria, Sergio Massa, disputar\u00e1 la Presidencia con el representante de la Libertad Avanza, Javier Milei, en el balotaje<\/strong>&nbsp;del pr\u00f3ximo 19 de noviembre.<\/p>\n\n\n\n<p>Con el 80,32% de las mesas escrutadas,&nbsp;<strong>el ministro de Econom\u00eda es el postulante m\u00e1s votado, con 36,05% de los votos.<\/strong><\/p>\n\n\n\n<p><strong>Milei se encuentra segundo, con el 30,39 por ciento.<\/strong><\/p>\n\n\n\n<p>Patricia Bullrich, la representante de Juntos por el Cambio, est\u00e1 tercera, lejos de los dos primeros, con el<strong>&nbsp;23,68 por ciento.<\/strong><\/p>\n\n\n\n<p>Los resultados marcan una fuerte recuperaci\u00f3n del oficialismo con respecto a las elecciones Primarias, cuando hab\u00eda terminado tercero, con 27,28 por ciento. Tambi\u00e9n confirman un retroceso de&nbsp;<strong>Juntos por el Cambio<\/strong>,&nbsp;<strong>que perdi\u00f3 casi cinco puntos.<\/strong><\/p>\n\n\n\n<p><strong>La participaci\u00f3n llega al 77,65 por ciento.<\/strong><\/p>\n\n\n\n<p><\/p>\n","protected":false},"excerpt":{"rendered":"<p>El ministro de Econom\u00eda fue el candidato m\u00e1s votado de acuerdo a los datos oficiales. Enfrentar\u00e1 el 19 de noviembre al l\u00edder de la Libertad Avanza en la segunda vuelta.&hellip; <\/p>\n","protected":false},"author":6,"featured_media":96883,"comment_status":"closed","ping_status":"open","sticky":false,"template":"","format":"standard","meta":{"footnotes":""},"categories":[10],"tags":[],"class_list":["post-96882","post","type-post","status-publish","format-standard","has-post-thumbnail","hentry","category-nacionales"],"_links":{"self":[{"href":"https:\/\/corrientesdetarde.com\/index.php\/wp-json\/wp\/v2\/posts\/96882","targetHints":{"allow":["GET"]}}],"collection":[{"href":"https:\/\/corrientesdetarde.com\/index.php\/wp-json\/wp\/v2\/posts"}],"about":[{"href":"https:\/\/corrientesdetarde.com\/index.php\/wp-json\/wp\/v2\/types\/post"}],"author":[{"embeddable":true,"href":"https:\/\/corrientesdetarde.com\/index.php\/wp-json\/wp\/v2\/users\/6"}],"replies":[{"embeddable":true,"href":"https:\/\/corrientesdetarde.com\/index.php\/wp-json\/wp\/v2\/comments?post=96882"}],"version-history":[{"count":1,"href":"https:\/\/corrientesdetarde.com\/index.php\/wp-json\/wp\/v2\/posts\/96882\/revisions"}],"predecessor-version":[{"id":96884,"href":"https:\/\/corrientesdetarde.com\/index.php\/wp-json\/wp\/v2\/posts\/96882\/revisions\/96884"}],"wp:featuredmedia":[{"embeddable":true,"href":"https:\/\/corrientesdetarde.com\/index.php\/wp-json\/wp\/v2\/media\/96883"}],"wp:attachment":[{"href":"https:\/\/corrientesdetarde.com\/index.php\/wp-json\/wp\/v2\/media?parent=96882"}],"wp:term":[{"taxonomy":"category","embeddable":true,"href":"https:\/\/corrientesdetarde.com\/index.php\/wp-json\/wp\/v2\/categories?post=96882"},{"taxonomy":"post_tag","embeddable":true,"href":"https:\/\/corrientesdetarde.com\/index.php\/wp-json\/wp\/v2\/tags?post=96882"}],"curies":[{"name":"wp","href":"https:\/\/api.w.org\/{rel}","templated":true}]}}