{"id":96887,"date":"2023-10-22T21:59:58","date_gmt":"2023-10-23T00:59:58","guid":{"rendered":"https:\/\/corrientesdetarde.com\/?p=96887"},"modified":"2023-10-22T22:00:10","modified_gmt":"2023-10-23T01:00:10","slug":"el-papu-gomez-reaparecio-tras-su-doping","status":"publish","type":"post","link":"https:\/\/corrientesdetarde.com\/index.php\/deportes\/el-papu-gomez-reaparecio-tras-su-doping\/","title":{"rendered":"EL PAPU GOMEZ REAPARECI\u00d3 TRAS SU DOPING."},"content":{"rendered":"\n<h2 class=\"wp-block-heading\">El campe\u00f3n del mundo argentino se manifest\u00f3 por primera vez en sus redes sociales despu\u00e9s de haber sido noticia por el resultado del \u00faltimo control antidopaje.<\/h2>\n\n\n\n<p>Despu\u00e9s de haber sacudido al mundo del f\u00fatbol -en especial el argentino- por su\u00a0doping positivo, que podr\u00eda desencadenar en una suspensi\u00f3n de dos a\u00f1os y en su retiro profesional,\u00a0<strong>Alejandro\u00a0<em>Papu\u00a0<\/em>G\u00f3mez reapareci\u00f3 y comparti\u00f3 un comunicado oficial en sus redes sociales.<\/strong><\/p>\n\n\n\n<p>Luego de dos d\u00edas de completo hermetismo, el atacante argentino, que semanas atr\u00e1s hab\u00eda sido anunciado como flamante refuerzo de Monza de Italia,\u00a0<strong>se manifest\u00f3 p\u00fablicamente acerca del esc\u00e1ndalo en el que est\u00e1 envuelto y dio su versi\u00f3n de los hechos.<\/strong><\/p>\n\n\n\n<p><em>&#8220;A ra\u00edz de las recientes noticias publicadas sobre mi persona en relaci\u00f3n a una posible infracci\u00f3n reglamentaria en materia antidopaje, a continuaci\u00f3n pongo en conocimiento de los medios de comunicaci\u00f3n y opini\u00f3n p\u00fablica lo siguiente&#8221;<\/em>, abri\u00f3 el Papu.<\/p>\n\n\n\n<p>En primer lugar, confirm\u00f3 haber sido notificado de la resoluci\u00f3n del Comit\u00e9 Sancionador Antidopaje de la Comisi\u00f3n Espa\u00f1ola para la Lucha Antidopaje en el Deporte, teniendo en cuenta que el control se dio cuando a\u00fan era futbolista de Sevilla, y dio detalles del castigo:<strong>\u00a0<em>&#8220;Se acuerda la suspensi\u00f3n de mi licencia federativa por un periodo de dos a\u00f1os&#8221;.<\/em><\/strong><\/p>\n\n\n\n<figure class=\"wp-block-image\"><img decoding=\"async\" src=\"https:\/\/media.tycsports.com\/files\/2023\/10\/22\/634751\/papu-gomez-comunicado_w416.webp\" alt=\"Papu G\u00f3mez comunicado\" title=\"Papu G\u00f3mez comunicado\"\/><\/figure>\n\n\n\n<p>Unas l\u00edneas debajo, G\u00f3mez remarc\u00f3 su profesionalismo y su transparencia en el f\u00fatbol:<strong>&nbsp;<em>&#8220;Desde siempre, no solamente he cumplido estrictamente toda la normativa sino que me he posicionado como un f\u00e9rreo defensor del deporte limpio y la deportividad, condenando y rechazando categ\u00f3ricamente toda forma de dopaje&#8221;. Y dej\u00f3 en claro: &#8220;Nunca he tenido ni tendr\u00e9 la intenci\u00f3n de recurrir a una pr\u00e1ctica prohibida&#8221;.<\/em><\/strong><\/p>\n\n\n\n<p>Adem\u00e1s, profundiz\u00f3 sobre el accidente dom\u00e9stico que deriv\u00f3 en su doping positivo:<strong>&nbsp;<em>&#8220;La presunta infracci\u00f3n tiene su origen en la presencia de Terbutalina en mi organismo por haber recibido por error y de forma accidental, involuntaria y no intencionada una cuchara del jarabe de mi hijo peque\u00f1o, para el alivio de la tos. Conviene no obstante precisar que el uso terap\u00e9utico de la Terbutalina est\u00e1 permitido para los deportistas profesionales y que en ning\u00fan caso mejora el rendimiento deportivo en el f\u00fatbol&#8221;.<\/em><\/strong><\/p>\n\n\n\n<p>Ya sobre el cierre del comunicado, Papu asegur\u00f3 que un grupo de profesionales est\u00e1 evaluando su caso, posiblemente con el objetivo de reducir la sanci\u00f3n:<em>&nbsp;<strong>&#8220;Sin entrar en cuestiones de fondo, he puesto este asunto en manos de mis abogados al considerar que la tramitaci\u00f3n del expediente disciplinario no se habr\u00eda realizado conforme a lo dispuesto en la normativa&#8221;.<\/strong><\/em><\/p>\n\n\n\n<p>Y concluy\u00f3 con un mensaje para los hinchas y gente cercana:<em>\u00a0<strong>&#8220;Quiero agradecer todas las muestras de afecto y apoyo recibido en estos momentos complicados a nivel profesional&#8221;.<\/strong><\/em><\/p>\n\n\n\n<p>La confesi\u00f3n del Papu G\u00f3mez: &#8220;No quiero retirarme de esta manera&#8221;.<\/p>\n\n\n\n<p>&#8220;<em><strong>Di positivo de terbutalina, una sustancia que est\u00e1 en un jarabe para la tos que tom\u00e9 accidentalmente una noche en un ataque de tos. Estoy triste y arrepentido, fue un accidente dom\u00e9stico. Despu\u00e9s tuve varios controles antidoping durante el Mundial y en Sevilla, nunca pas\u00f3 nada, siempre di negativo. Siempre trat\u00e9 de ser un ejemplo dentro y fuera de la cancha. En mis 18 a\u00f1os de carrera pude cumplirlo. No quiero retirarme de esta manera, no quiero que termine mi carrera as\u00ed, creo que no me lo merezco. Lo que m\u00e1s deseo es volver a las canchas, entrenar con mis compa\u00f1eros y jugar con Monza. Ac\u00e1, d\u00e1ndole batalla, voy a seguir entrenando solo. Ojal\u00e1 que mis abogados y allegados puedan solucionar el tema<\/strong><\/em>&#8220;, explic\u00f3 el argentino a trav\u00e9s de un video que public\u00f3 en sus redes sociales.<\/p>\n\n\n\n<h2 class=\"wp-block-heading\">La historia del Papu G\u00f3mez en Monza tras su doping positivo<\/h2>\n\n\n\n<p>Minutos antes de su comunicado oficial,&nbsp;<strong>el campe\u00f3n del mundo le hab\u00eda dedicado un mensaje de apoyo a su equipo para el partido frente a la Roma de Jos\u00e9 Mourinho, Leandro Paredes y Paulo Dybala, quien no jug\u00f3 por lesi\u00f3n.<\/strong><\/p>\n\n\n\n<p><em>\u201cVamos chicos\u201d<\/em>, escribi\u00f3 en sus historias el Papu, junto a tres emojis de aliento y un coraz\u00f3n. En la imagen se ven sus piernas y, de fondo en la TV, el partido de esta ma\u00f1ana del domingo. La publicaci\u00f3n, claramente, fue en apoyo al conjunto lombardo, que d\u00edas atr\u00e1s\u00a0notific\u00f3 su doping positivo en un comunicado.<\/p>\n","protected":false},"excerpt":{"rendered":"<p>El campe\u00f3n del mundo argentino se manifest\u00f3 por primera vez en sus redes sociales despu\u00e9s de haber sido noticia por el resultado del \u00faltimo control antidopaje. Despu\u00e9s de haber sacudido&hellip; <\/p>\n","protected":false},"author":6,"featured_media":96888,"comment_status":"closed","ping_status":"open","sticky":false,"template":"","format":"standard","meta":{"footnotes":""},"categories":[4],"tags":[],"class_list":["post-96887","post","type-post","status-publish","format-standard","has-post-thumbnail","hentry","category-deportes"],"_links":{"self":[{"href":"https:\/\/corrientesdetarde.com\/index.php\/wp-json\/wp\/v2\/posts\/96887","targetHints":{"allow":["GET"]}}],"collection":[{"href":"https:\/\/corrientesdetarde.com\/index.php\/wp-json\/wp\/v2\/posts"}],"about":[{"href":"https:\/\/corrientesdetarde.com\/index.php\/wp-json\/wp\/v2\/types\/post"}],"author":[{"embeddable":true,"href":"https:\/\/corrientesdetarde.com\/index.php\/wp-json\/wp\/v2\/users\/6"}],"replies":[{"embeddable":true,"href":"https:\/\/corrientesdetarde.com\/index.php\/wp-json\/wp\/v2\/comments?post=96887"}],"version-history":[{"count":1,"href":"https:\/\/corrientesdetarde.com\/index.php\/wp-json\/wp\/v2\/posts\/96887\/revisions"}],"predecessor-version":[{"id":96889,"href":"https:\/\/corrientesdetarde.com\/index.php\/wp-json\/wp\/v2\/posts\/96887\/revisions\/96889"}],"wp:featuredmedia":[{"embeddable":true,"href":"https:\/\/corrientesdetarde.com\/index.php\/wp-json\/wp\/v2\/media\/96888"}],"wp:attachment":[{"href":"https:\/\/corrientesdetarde.com\/index.php\/wp-json\/wp\/v2\/media?parent=96887"}],"wp:term":[{"taxonomy":"category","embeddable":true,"href":"https:\/\/corrientesdetarde.com\/index.php\/wp-json\/wp\/v2\/categories?post=96887"},{"taxonomy":"post_tag","embeddable":true,"href":"https:\/\/corrientesdetarde.com\/index.php\/wp-json\/wp\/v2\/tags?post=96887"}],"curies":[{"name":"wp","href":"https:\/\/api.w.org\/{rel}","templated":true}]}}