{"id":96895,"date":"2023-10-22T22:24:30","date_gmt":"2023-10-23T01:24:30","guid":{"rendered":"https:\/\/corrientesdetarde.com\/?p=96895"},"modified":"2023-10-22T22:24:41","modified_gmt":"2023-10-23T01:24:41","slug":"jorge-macri-se-impone-en-caba-pero-todavia-no-evita-un-balotaje-con-santoro-por-muy-poco","status":"publish","type":"post","link":"https:\/\/corrientesdetarde.com\/index.php\/politica\/jorge-macri-se-impone-en-caba-pero-todavia-no-evita-un-balotaje-con-santoro-por-muy-poco\/","title":{"rendered":"Jorge Macri se impone en CABA, pero todav\u00eda no evita un balotaje con Santoro por muy poco"},"content":{"rendered":"\n<p>El candidato de Juntos por el Cambio (JxC), Jorge Macri, se impon\u00eda en las elecciones a Jefe de Gobierno porte\u00f1o con el 49,29% de los votos y se encaminaba a un balotaje con el candidato de Uni\u00f3n por la Patria (UxP), Leandro Santoro, que obten\u00eda el 32,25%, cuando se llevaban escrutados 74,5% de los votos.<br>Las primeras cifras difundidas por la Direcci\u00f3n Nacional Electoral indicaban que el candidato de La Libertad Avanza (LLA), obten\u00eda el 14,11% de los votos, mientras que la postulante del Frente de Izquierda (FIT), Vanina Biasi, obten\u00eda el 4,32%, por lo que ambos quyedaban exclu\u00eddos de la segunda vuelta electoral del 19 de noviembre.<br>La candidata de Juntos por el Cambio se impon\u00eda en la Ciudad de Buenos Aires para las elecciones presidenciales al alcanzar el 41% de los votos, por sobre el candidato de Uni\u00f3n por la Patria (UxP), Sergio Massa, quien obten\u00eda el 32,35% de acuerdo a los primeros resultados escrutados casi el 75% de los votos.<br>De acuerdo con los primeros c\u00f3mputos dados a conocer esta noche por la Direcci\u00f3n Nacional Electoral en tercer lugar se ubicaba el candidato de La Libertad Avanza (LLA), Javier Milei, con 19,96% de los votos, seguido por la candidata de los Trabajadores-Unidad (FIT-U), Myriam Bregman, con 3,56% y de Hacemos por Nuestro Pa\u00eds (HpNP), Juan Schiaretti, con 3,11% de los votos.<br>La jornada eleccionaria comenz\u00f3 a las 8 y estuvieron habilitados para votar unos 2.533.092 residentes, de los que unos 1.214.871 son varones, 1.318.002 mujeres y 219 personas no binarias.<br>Los comicios se realizaron en 7.326 mesas, distribuidas en 1.099 establecimientos.<br>A diferencia de las elecciones primarias, y tras la pol\u00e9mica desatada a partir de las fallas registradas por la utilizaci\u00f3n de la Boleta \u00danica Electr\u00f3nica (BUE) en las PASO, los comicios porte\u00f1os se realizan con dos boletas de papel: una para cargos nacionales y otra para autoridades locales, que se introducen en el mismo sobre dentro de una \u00fanica urna.<br>El sistema electr\u00f3nico provoc\u00f3 en esa oportunidad demoras de m\u00e1s de una hora en el cierre de la votaci\u00f3n en la Ciudad en las elecciones PASO, cuando los ciudadanos debieron esperar hasta dos horas para sufragar.<br>En ese contexto, la jueza federal electoral de esta capital Mar\u00eda Servini hab\u00eda afirmado en ese momento que las elecciones del 22 de octubre &#8220;no pueden realizarse en las mismas condiciones&#8221; que las PASO, pues ser\u00eda &#8220;una burla a la ciudadan\u00eda volverla a someter a condiciones denigrantes&#8221;, y asegur\u00f3 que las primarias en CABA fueron &#8220;los comicios m\u00e1s problem\u00e1ticos y conflictivos de los \u00faltimos 30 a\u00f1os&#8221; en el distrito.<br>En la ciudad de Buenos Aires, cuatro candidatos se disputan la sucesi\u00f3n del actual jefe de Gobierno, Horacio Rodr\u00edguez Larreta, que el 10 de diciembre pr\u00f3ximo culminar\u00e1 ocho a\u00f1os de Gobierno.<br>Jorge Macri (Juntos por el Cambio), primo del expresidente Mauricio Macri; Leandro Santoro (Uni\u00f3n por la Patria); Ramiro Marra (La Libertad Avanza); y Vanina Biasi (Frente de Izquierda de los Trabajadores) compiten por la Jefatura de Gobierno porte\u00f1a en una elecci\u00f3n que presenta como inc\u00f3gnita si se decidir\u00e1 en primera vuelta o un balotaje.<br>Los porte\u00f1os, adem\u00e1s, eligen a qui\u00e9nes ocupar\u00e1n las 30 bancas que se renuevan en la Legislatura porte\u00f1a y 105 lugares dentro de las 15 comunas.<br>Adem\u00e1s, se votar\u00e1 para presidente y vicepresidente para definir qui\u00e9nes ser\u00e1n los sucesores de Alberto Fern\u00e1ndez y Cristina Fern\u00e1ndez de Kirchner.<br>Las f\u00f3rmulas presidenciales son las encabezadas por Sergio Massa (Uni\u00f3n por la Patria), Javier Milei (La Libertad Avanza), Patricia Bullrich (Juntos por el Cambio), Myriam Bregman (Frente de Izquierda y los Trabajadores-Unidad, FIT-U) y Juan Schiaretti (Hacemos por Nuestro Pa\u00eds, (HpNP).<\/p>\n","protected":false},"excerpt":{"rendered":"<p>El candidato de Juntos por el Cambio (JxC), Jorge Macri, se impon\u00eda en las elecciones a Jefe de Gobierno porte\u00f1o con el 49,29% de los votos y se encaminaba a&hellip; <\/p>\n","protected":false},"author":11,"featured_media":96896,"comment_status":"closed","ping_status":"open","sticky":false,"template":"","format":"standard","meta":{"footnotes":""},"categories":[10,3],"tags":[],"class_list":["post-96895","post","type-post","status-publish","format-standard","has-post-thumbnail","hentry","category-nacionales","category-politica"],"_links":{"self":[{"href":"https:\/\/corrientesdetarde.com\/index.php\/wp-json\/wp\/v2\/posts\/96895","targetHints":{"allow":["GET"]}}],"collection":[{"href":"https:\/\/corrientesdetarde.com\/index.php\/wp-json\/wp\/v2\/posts"}],"about":[{"href":"https:\/\/corrientesdetarde.com\/index.php\/wp-json\/wp\/v2\/types\/post"}],"author":[{"embeddable":true,"href":"https:\/\/corrientesdetarde.com\/index.php\/wp-json\/wp\/v2\/users\/11"}],"replies":[{"embeddable":true,"href":"https:\/\/corrientesdetarde.com\/index.php\/wp-json\/wp\/v2\/comments?post=96895"}],"version-history":[{"count":1,"href":"https:\/\/corrientesdetarde.com\/index.php\/wp-json\/wp\/v2\/posts\/96895\/revisions"}],"predecessor-version":[{"id":96897,"href":"https:\/\/corrientesdetarde.com\/index.php\/wp-json\/wp\/v2\/posts\/96895\/revisions\/96897"}],"wp:featuredmedia":[{"embeddable":true,"href":"https:\/\/corrientesdetarde.com\/index.php\/wp-json\/wp\/v2\/media\/96896"}],"wp:attachment":[{"href":"https:\/\/corrientesdetarde.com\/index.php\/wp-json\/wp\/v2\/media?parent=96895"}],"wp:term":[{"taxonomy":"category","embeddable":true,"href":"https:\/\/corrientesdetarde.com\/index.php\/wp-json\/wp\/v2\/categories?post=96895"},{"taxonomy":"post_tag","embeddable":true,"href":"https:\/\/corrientesdetarde.com\/index.php\/wp-json\/wp\/v2\/tags?post=96895"}],"curies":[{"name":"wp","href":"https:\/\/api.w.org\/{rel}","templated":true}]}}