{"id":96926,"date":"2023-10-23T09:01:17","date_gmt":"2023-10-23T12:01:17","guid":{"rendered":"https:\/\/corrientesdetarde.com\/?p=96926"},"modified":"2023-10-23T09:01:29","modified_gmt":"2023-10-23T12:01:29","slug":"instagram-permitira-convertir-fotos-en-stickers-para-usar-en-las-stories-y-los-reels","status":"publish","type":"post","link":"https:\/\/corrientesdetarde.com\/index.php\/tecnologia\/instagram-permitira-convertir-fotos-en-stickers-para-usar-en-las-stories-y-los-reels\/","title":{"rendered":"Instagram permitir\u00e1 convertir fotos en stickers para usar en las Stories y los Reels"},"content":{"rendered":"\n<p><strong>Instagram<\/strong> anunci\u00f3 en las \u00faltimas horas la m\u00e1s reciente adici\u00f3n en su plataforma, que permite\u00a0<strong>crear stickers personalizados a partir de im\u00e1genes<\/strong>. La funci\u00f3n puede utilizarse tanto con fotos propias \u2014de la galer\u00eda de los usuarios\u2014 como con contenido seleccionado de la red social. Seg\u00fan informaron desde Meta, la opci\u00f3n inicia su despliegue a modo de prueba y se espera que luego de la etapa de testeo tenga su lanzamiento a nivel general.<\/p>\n\n\n\n<h2 class=\"wp-block-heading\">Instagram: \u00bfc\u00f3mo crear stickers personalizados a partir de fotos?<\/h2>\n\n\n\n<p>Adam Mosseri, el director ejecutivo de Instagram, fue el encargado de dar a conocer la nueva funci\u00f3n que&nbsp;<strong>convierte fotos en pegatinas<\/strong>. Lo hizo con una imagen de un perro bulldog, transformada en sticker.<\/p>\n\n\n\n<figure class=\"wp-block-image\"><img decoding=\"async\" src=\"https:\/\/tn.com.ar\/resizer\/_wmSozbAfGmZZuGyCdTQeTX26Ew=\/767x0\/smart\/filters:format(webp)\/cloudfront-us-east-1.images.arcpublishing.com\/artear\/HYAV6DFP55FGPAPZCQRUVWDG64.jpg\" alt=\"Mosseri mostr\u00f3 la funci\u00f3n con la imagen de un perrito. (Foto: Instagram)\"\/><figcaption>Mosseri mostr\u00f3 la funci\u00f3n con la imagen de un perrito. (Foto: Instagram)<\/figcaption><\/figure>\n\n\n\n<p>Algunos detalles sobre la novedad en Instagram:<\/p>\n\n\n\n<ul class=\"wp-block-list\"><li>El funcionamiento de la herramienta es sencillo: en forma autom\u00e1tica recorta la figura central, elimina el fondo y genera el contenido<\/li><li>Las pegatinas resultantes podr\u00e1n usarse\u00a0<strong>en Historias y en Reels<\/strong>.<\/li><li>El jefe de la plataforma dijo que, adem\u00e1s de crear stickers a partir de fotos almacenadas en los dispositivos de los usuarios, ser\u00e1 posible hacerlo a partir de \u201cim\u00e1genes elegibles que ven en Instagram\u201d.<\/li><\/ul>\n\n\n\n<p>Siguiendo a&nbsp;<em>Engadget<\/em>, esta novedad se suma a las&nbsp;<strong>pegatinas generadas con inteligencia artificial&nbsp;<\/strong>basadas en mensajes, que recientemente Meta ha comenzado a probar.<\/p>\n\n\n\n<h2 class=\"wp-block-heading\">Stickers basados en fotos: \u00bfcu\u00e1ndo se lanza la funci\u00f3n en Instagram?<\/h2>\n\n\n\n<p>Mosseri remarc\u00f3 que la opci\u00f3n inici\u00f3 su despliegue en el marco de una prueba. En tanto, a\u00fan no se ha implementado para todos los usuarios de la red social. Se esperan anuncios respecto al lanzamiento general de la caracter\u00edstica que transforma im\u00e1genes en pegatinas.<\/p>\n\n\n\n<h2 class=\"wp-block-heading\">M\u00e1s cambios en Instagram<\/h2>\n\n\n\n<p>La plataforma de Meta \u2014el conglomerado que tambi\u00e9n es due\u00f1o de Facebook y WhatsApp\u2014 recientemente se actualiz\u00f3 con una funci\u00f3n que, tal como dijimos en\u00a0<strong>TN Tecno<\/strong>, procura\u00a0<em>mover el avispero\u00a0<\/em>en la secci\u00f3n de comentarios. Aquel cambio se apoya en la posibilidad de incluir encuestas en ese apartado, llevando a esa modalidad de participaci\u00f3n m\u00e1s all\u00e1 de las Stories.<\/p>\n\n\n\n<figure class=\"wp-block-image\"><img decoding=\"async\" src=\"https:\/\/tn.com.ar\/resizer\/o-_h3OhbzIuXyWaraqSMH5kFyyw=\/767x0\/smart\/filters:format(webp)\/cloudfront-us-east-1.images.arcpublishing.com\/artear\/TAJBFQZLEBAOTMZH7N4AHIJR24.jpg\" alt=\"Cambios en Instagram mueven el avispero de la red socia. (Foto: Unsplash\/Claudio Schwarz)\"\/><figcaption>Cambios en Instagram mueven el avispero de la red socia. (Foto: Unsplash\/Claudio Schwarz)<\/figcaption><\/figure>\n\n\n\n<p>Las\u00a0<strong>nuevas funciones de Instagram<\/strong>\u00a0se encuadran en un presente en el que esta red social prepara un vuelco relevante:\u00a0tendr\u00e1 una versi\u00f3n de pago. Esa movida es una respuesta de la compa\u00f1\u00eda estadounidense a las presiones que recibe en Europa, donde los reguladores exigen que se ofrezcan variantes libres de anuncios. De hecho, aquellos que abonen una suscripci\u00f3n \u2014la modalidad tambi\u00e9n se aplicar\u00e1 a Facebook\u2014 acceder\u00e1n a una edici\u00f3n de la plataforma sin publicidades en pantalla.<\/p>\n","protected":false},"excerpt":{"rendered":"<p>Instagram anunci\u00f3 en las \u00faltimas horas la m\u00e1s reciente adici\u00f3n en su plataforma, que permite\u00a0crear stickers personalizados a partir de im\u00e1genes. La funci\u00f3n puede utilizarse tanto con fotos propias \u2014de&hellip; <\/p>\n","protected":false},"author":12,"featured_media":96927,"comment_status":"closed","ping_status":"open","sticky":false,"template":"","format":"standard","meta":{"footnotes":""},"categories":[24],"tags":[],"class_list":["post-96926","post","type-post","status-publish","format-standard","has-post-thumbnail","hentry","category-tecnologia"],"_links":{"self":[{"href":"https:\/\/corrientesdetarde.com\/index.php\/wp-json\/wp\/v2\/posts\/96926","targetHints":{"allow":["GET"]}}],"collection":[{"href":"https:\/\/corrientesdetarde.com\/index.php\/wp-json\/wp\/v2\/posts"}],"about":[{"href":"https:\/\/corrientesdetarde.com\/index.php\/wp-json\/wp\/v2\/types\/post"}],"author":[{"embeddable":true,"href":"https:\/\/corrientesdetarde.com\/index.php\/wp-json\/wp\/v2\/users\/12"}],"replies":[{"embeddable":true,"href":"https:\/\/corrientesdetarde.com\/index.php\/wp-json\/wp\/v2\/comments?post=96926"}],"version-history":[{"count":1,"href":"https:\/\/corrientesdetarde.com\/index.php\/wp-json\/wp\/v2\/posts\/96926\/revisions"}],"predecessor-version":[{"id":96929,"href":"https:\/\/corrientesdetarde.com\/index.php\/wp-json\/wp\/v2\/posts\/96926\/revisions\/96929"}],"wp:featuredmedia":[{"embeddable":true,"href":"https:\/\/corrientesdetarde.com\/index.php\/wp-json\/wp\/v2\/media\/96927"}],"wp:attachment":[{"href":"https:\/\/corrientesdetarde.com\/index.php\/wp-json\/wp\/v2\/media?parent=96926"}],"wp:term":[{"taxonomy":"category","embeddable":true,"href":"https:\/\/corrientesdetarde.com\/index.php\/wp-json\/wp\/v2\/categories?post=96926"},{"taxonomy":"post_tag","embeddable":true,"href":"https:\/\/corrientesdetarde.com\/index.php\/wp-json\/wp\/v2\/tags?post=96926"}],"curies":[{"name":"wp","href":"https:\/\/api.w.org\/{rel}","templated":true}]}}