{"id":96934,"date":"2023-10-23T09:16:11","date_gmt":"2023-10-23T12:16:11","guid":{"rendered":"https:\/\/corrientesdetarde.com\/?p=96934"},"modified":"2023-10-23T09:16:16","modified_gmt":"2023-10-23T12:16:16","slug":"mar-del-plata-un-hombre-al-que-le-falta-una-pierna-fue-detenido-por-robar-una-zapatilla-de-una-vidriera","status":"publish","type":"post","link":"https:\/\/corrientesdetarde.com\/index.php\/policiales\/mar-del-plata-un-hombre-al-que-le-falta-una-pierna-fue-detenido-por-robar-una-zapatilla-de-una-vidriera\/","title":{"rendered":"Mar del Plata: un hombre al que le falta una pierna fue detenido por robar una zapatilla de una vidriera"},"content":{"rendered":"\n<p>Un robo con una resoluci\u00f3n tan veloz como ins\u00f3lita tuvo lugar en las \u00faltimas horas en la ciudad de&nbsp;<strong>Mar del Plata<\/strong>. El objeto de deseo del delincuente&nbsp;<strong>hab\u00eda sido una zapatilla<\/strong>, pero no lleg\u00f3 muy lejos antes de que lo atrapara la Polic\u00eda.<\/p>\n\n\n\n<p>Una discapacidad f\u00edsica del ladr\u00f3n fue clave para\u00a0<strong>identicarlo a pocos metros\u00a0<\/strong>del lugar del hecho, un local ubicado sobre la peatonal San Mart\u00edn. El sospechoso fue interceptado cuando se alejaba de all\u00ed a pie, acompa\u00f1ado por otro sujeto, por un polic\u00eda que<strong>\u00a0se encontraba de custodia en un Bingo<\/strong>\u00a0de la misma cuadra.<\/p>\n\n\n\n<p>El detalle que incrimin\u00f3 al delincuente ahora detenido fue que<strong>&nbsp;le faltaba una pierna&nbsp;<\/strong>y, en la otra, llevaba puesta la zapatilla que hab\u00eda sido robada. Minutos despu\u00e9s, el&nbsp;<strong>video de una c\u00e1mara<\/strong>&nbsp;de seguridad que hab\u00eda registrado el robo confirm\u00f3 las sospechas, public\u00f3 el portal local&nbsp;<em>0223.<\/em><\/p>\n\n\n\n<figure class=\"wp-block-image\"><img decoding=\"async\" src=\"https:\/\/tn.com.ar\/resizer\/TaYOYfrPbMSzV4_fh3OFZnoFhJk=\/767x0\/smart\/filters:format(webp)\/cloudfront-us-east-1.images.arcpublishing.com\/artear\/HXGQNKIQZBD2DLXXCDQWHS7UCQ.JPG\" alt=\"El detenido ten\u00eda antecedentes por hurto. (Foto: gentileza 0223).\"\/><figcaption>El detenido ten\u00eda antecedentes por hurto. (Foto: gentileza 0223).<\/figcaption><\/figure>\n\n\n\n<p>Tras la detenci\u00f3n del hombre, se constat\u00f3 que este&nbsp;<strong>no era su primer problema&nbsp;<\/strong>con la ley. Ten\u00eda antecedentes penales por los delitos de tentativa de robo, hurto, averiguaci\u00f3n de il\u00edcito, tentativa de hurto, hurto agravado por escalamiento en grado de tentativa y encubrimiento. Ahora tendr\u00e1 que enfrentar nueva causa por hurto en grado de tentativa.<\/p>\n\n\n\n<p>El&nbsp;<strong>fiscal de Flagrancia Gast\u00f3n de Marco<\/strong>&nbsp;dispuso su alojamiento en la Unidad Penal N\u00b044 de Bat\u00e1n.<\/p>\n\n\n\n<h2 class=\"wp-block-heading\">La ca\u00edda de \u201cResort\u00edn\u201d<\/h2>\n\n\n\n<p>En marzo de este a\u00f1o, un delincuente apodado \u201cResort\u00edn\u201d<strong>&nbsp;porque tiene una sola pierna&nbsp;<\/strong>entr\u00f3 a robar a una casa de Resistencia, Chaco, y se llev\u00f3 una pala. El hecho qued\u00f3 registrado por c\u00e1maras de seguridad y poco despu\u00e9s fue detenido por la Polic\u00eda.<\/p>\n\n\n\n<figure class=\"wp-block-image\"><img decoding=\"async\" src=\"https:\/\/tn.com.ar\/resizer\/xQ_O3Nb9MnBzlHpT5-ZIkqNDFyw=\/767x0\/smart\/filters:format(webp)\/cloudfront-us-east-1.images.arcpublishing.com\/artear\/X53DO5CZCNACVIRC6EN7YSYQEQ.webp\" alt=\"&quot;Resort\u00edn&quot; fue capturado por la polic\u00eda de Chaco poco despu\u00e9s del robo de una pala. (Foto: gentileza diario Norte).\"\/><figcaption>&#8220;Resort\u00edn&#8221; fue capturado por la polic\u00eda de Chaco poco despu\u00e9s del robo de una pala. (Foto: gentileza diario Norte).<\/figcaption><\/figure>\n\n\n\n<p>El incidente ocurri\u00f3 a plena luz del d\u00eda. Al\u00a0<strong>revisar las c\u00e1maras de seguridad,<\/strong>\u00a0el due\u00f1o not\u00f3 que un hombre con muletas y sin una pierna ingres\u00f3 a su domicilio de la calle Hacheros al 2000 tras saltar el port\u00f3n.<\/p>\n\n\n\n<p>Alejandro Dom\u00ednguez, jefe de prensa de la Polic\u00eda del Chaco, indic\u00f3 que el joven, que<strong>\u00a0habr\u00eda protagonizado varios robos<\/strong>\u00a0en la zona, suele tambi\u00e9n tocar timbres o golpear las puertas para ofrecer bolsas de residuos.<\/p>\n\n\n\n<p>\u201cSe lo conoce porque se activ\u00f3 tras una&nbsp;<strong>denuncia realizada por un vecino<\/strong>&nbsp;en Hacheros 2000 proporcionando im\u00e1genes f\u00edlmicas sobre el hecho. Es conocido porque ofrece bolsas de residuos y as\u00ed realiza su actividad delictiva\u201d, se\u00f1al\u00f3 Dom\u00ednguez.<\/p>\n","protected":false},"excerpt":{"rendered":"<p>Un robo con una resoluci\u00f3n tan veloz como ins\u00f3lita tuvo lugar en las \u00faltimas horas en la ciudad de&nbsp;Mar del Plata. El objeto de deseo del delincuente&nbsp;hab\u00eda sido una zapatilla,&hellip; <\/p>\n","protected":false},"author":12,"featured_media":96935,"comment_status":"closed","ping_status":"open","sticky":false,"template":"","format":"standard","meta":{"footnotes":""},"categories":[33],"tags":[],"class_list":["post-96934","post","type-post","status-publish","format-standard","has-post-thumbnail","hentry","category-policiales"],"_links":{"self":[{"href":"https:\/\/corrientesdetarde.com\/index.php\/wp-json\/wp\/v2\/posts\/96934","targetHints":{"allow":["GET"]}}],"collection":[{"href":"https:\/\/corrientesdetarde.com\/index.php\/wp-json\/wp\/v2\/posts"}],"about":[{"href":"https:\/\/corrientesdetarde.com\/index.php\/wp-json\/wp\/v2\/types\/post"}],"author":[{"embeddable":true,"href":"https:\/\/corrientesdetarde.com\/index.php\/wp-json\/wp\/v2\/users\/12"}],"replies":[{"embeddable":true,"href":"https:\/\/corrientesdetarde.com\/index.php\/wp-json\/wp\/v2\/comments?post=96934"}],"version-history":[{"count":1,"href":"https:\/\/corrientesdetarde.com\/index.php\/wp-json\/wp\/v2\/posts\/96934\/revisions"}],"predecessor-version":[{"id":96936,"href":"https:\/\/corrientesdetarde.com\/index.php\/wp-json\/wp\/v2\/posts\/96934\/revisions\/96936"}],"wp:featuredmedia":[{"embeddable":true,"href":"https:\/\/corrientesdetarde.com\/index.php\/wp-json\/wp\/v2\/media\/96935"}],"wp:attachment":[{"href":"https:\/\/corrientesdetarde.com\/index.php\/wp-json\/wp\/v2\/media?parent=96934"}],"wp:term":[{"taxonomy":"category","embeddable":true,"href":"https:\/\/corrientesdetarde.com\/index.php\/wp-json\/wp\/v2\/categories?post=96934"},{"taxonomy":"post_tag","embeddable":true,"href":"https:\/\/corrientesdetarde.com\/index.php\/wp-json\/wp\/v2\/tags?post=96934"}],"curies":[{"name":"wp","href":"https:\/\/api.w.org\/{rel}","templated":true}]}}