{"id":96940,"date":"2023-10-23T10:43:48","date_gmt":"2023-10-23T13:43:48","guid":{"rendered":"https:\/\/corrientesdetarde.com\/?p=96940"},"modified":"2023-10-23T10:44:00","modified_gmt":"2023-10-23T13:44:00","slug":"la-llamativa-decision-de-sofia-clerici-tras-el-resultado-de-las-elecciones","status":"publish","type":"post","link":"https:\/\/corrientesdetarde.com\/index.php\/espectaculos\/la-llamativa-decision-de-sofia-clerici-tras-el-resultado-de-las-elecciones\/","title":{"rendered":"La llamativa decisi\u00f3n de Sof\u00eda Clerici tras el resultado de las elecciones"},"content":{"rendered":"\n<p><strong>Sof\u00eda Clerici<\/strong>alcanz\u00f3 un alto nivel de<strong>\u00a0exposici\u00f3n medi\u00e1tica<\/strong>\u00a0luego de protagonizar el esc\u00e1ndalo por el Yategate. Luego que blanqueara su romance con\u00a0<strong>Mart\u00edn Insaurralde<\/strong>, no solo se conoci\u00f3 la ostentosa vida de ambos, sino tambi\u00e9n, la\u00a0<strong>terrible infidelidad a Jesica Cirio<\/strong>.<\/p>\n\n\n\n<p>En ese contexto, la modelo\u00a0<strong>hab\u00eda decidido ponerle privacidad a sus redes sociales<\/strong>\u00a0para evitar cr\u00edticas en su contra y que vean su contenido aquellos usuarios que no formaban parte de su lista de m\u00e1s de 2 millones de seguidores. Sin embargo, actualmente Clerici\u00a0<strong>ya tiene p\u00fablico su perfil de Instagram<\/strong>\u00a0y est\u00e1 abierto para que cualquier internauta vea sus fotos y videos.<\/p>\n\n\n\n<p>Adem\u00e1s, Sof\u00eda\u00a0<strong>tuvo esta actitud tras conocerse el resultado de las elecciones<\/strong>. En su cuenta verificada la modelo no solo\u00a0<strong>ostenta su casa de Nordelta\u00a0<\/strong>o sus costosos accesorios, sino que tambi\u00e9n\u00a0<strong>promociona su marca de lencer\u00eda<\/strong>, por lo que es una<strong>oportunidad laboral para exponer a\u00fan m\u00e1s su emprendimiento<\/strong>.<\/p>\n\n\n\n<figure class=\"wp-block-image\"><img decoding=\"async\" src=\"https:\/\/tn.com.ar\/resizer\/OwaFR8jKW2fWPgwjry997NaA-jo=\/767x0\/smart\/filters:format(webp)\/cloudfront-us-east-1.images.arcpublishing.com\/artear\/K2IOME42LVCD7PGANRFJWUJHUQ.JPG\" alt=\"Sof\u00eda Clerici volvi\u00f3 a poner su perfil en p\u00fablico tras la exposici\u00f3n medi\u00e1tica por el esc\u00e1ndalo con Mart\u00edn Insaurralde. (Foto: Captura Instagram\/sofiaclericiok)\"\/><figcaption>Sof\u00eda Clerici volvi\u00f3 a poner su perfil en p\u00fablico tras la exposici\u00f3n medi\u00e1tica por el esc\u00e1ndalo con Mart\u00edn Insaurralde. (Foto: Captura Instagram\/sofiaclericiok)<\/figcaption><\/figure>\n\n\n\n<p>Incluso,&nbsp;<strong>se mantuvo inactiva&nbsp;<\/strong>en su perfil durante el fin de semana, pero este lunes por la madrugada&nbsp;<strong>public\u00f3 dos historias<\/strong>. En una de ellas, subi\u00f3 una foto hot mirando a la c\u00e1mara con el texto \u201cbuenas noches\u201d y un emoji de coraz\u00f3n blanco.<\/p>\n\n\n\n<p>Por otro lado, en su perfil de Twitter, Sof\u00eda tuvo un llamativo gesto al darle \u201cme gusta\u201d al posteo donde un usuario se refiri\u00f3 al\u00a0<strong>triunfo del candidato de Mart\u00edn Insaurralde<\/strong>\u00a0en las elecciones de este domingo.\u00a0<strong>\u201cAl final Sof\u00eda Clerici nos trajo suerte. Ganamos Lomas de Zamora superando el 50%\u201d<\/strong>, dec\u00eda el posteo.<\/p>\n\n\n\n<figure class=\"wp-block-image\"><img decoding=\"async\" src=\"https:\/\/tn.com.ar\/resizer\/vPBsy0ByBu588BkzHx26zHP8bbg=\/767x0\/smart\/filters:format(webp)\/cloudfront-us-east-1.images.arcpublishing.com\/artear\/A4VEG5DZJREYHDFKOGD6STUKI4.png\" alt=\"La historia que subi\u00f3 Sof\u00eda Clerici en la madrugada de este lunes. (Foto: Captura Instagram\/sofiaclericiok)\"\/><figcaption>La historia que subi\u00f3 Sof\u00eda Clerici en la madrugada de este lunes. (Foto: Captura Instagram\/sofiaclericiok)<\/figcaption><\/figure>\n\n\n\n<h2 class=\"wp-block-heading\">Aseguran que Sof\u00eda Clerici no fue a votar por miedo<\/h2>\n\n\n\n<p><strong>Sof\u00eda Clerici<\/strong>&nbsp;se mantiene en el epicentro de la tormenta medi\u00e1tica por su escandaloso romance con&nbsp;<strong>Mart\u00edn Insaurralde<\/strong>. Por esta raz\u00f3n, su presencia en la escuela N\u00b014 Presidente Rivadavia de Mart\u00ednez para ejercer su derecho al voto fue una de las m\u00e1s esperadas. Sin embargo,<strong>&nbsp;en horas tempranas de la tarde, la directora del centro educativo, Virginia Carrizo, confirm\u00f3 que la modelo no acudi\u00f3 a las urnas electorales.<\/strong><\/p>\n\n\n\n<p>Para ampliar contexto, la entrevistada incluso rememor\u00f3 que la joven s\u00ed particip\u00f3 en la encuesta electoral anterior:<strong>&nbsp;\u201cEn esta oportunidad todav\u00eda no ha venido a votar. Recuerdo que en las elecciones pasadas (PASO) estuvo, pero hoy no lleg\u00f3\u201d.<\/strong><\/p>\n\n\n\n<figure class=\"wp-block-image\"><img decoding=\"async\" src=\"https:\/\/tn.com.ar\/resizer\/YlTXNKzHSm_J94meoj8jeqdvEa0=\/767x0\/smart\/filters:format(webp)\/thumbs.vodgc.net\/9C5B523E4E5C4E86B8AE44DD5A8345D4627-1698012166.jpg\" alt=\"Video Placeholder\"\/><\/figure>\n\n\n\n<p>(Foto: Instagram \/ sofiaclericiok. Captura TN)<\/p>\n\n\n\n<p>Quiz\u00e1s por temor a la reacci\u00f3n de las personas que acudieron a este centro electoral, o incluso ser interceptada por alg\u00fan espont\u00e1neo, la n\u00e9mesis sentimental de Jesica Cirio opt\u00f3 por abstenerse, tal como cont\u00f3 la directora a las c\u00e1maras de&nbsp;<strong>TN<\/strong>.&nbsp;<strong>\u201cEs dif\u00edcil, porque viene a un lugar abierto donde se va a encontrar con otras personas y corre el riesgo de que le den sus opiniones\u201d<\/strong>, coment\u00f3.<\/p>\n\n\n\n<p>Situaci\u00f3n distinta ocurri\u00f3 en las PASO cuando, de acuerdo al testimonio de Carrizo, fue a votar como cualquier otra ciudadana, acompa\u00f1ada por una amiga y su mascota y no tard\u00f3 demasiado tiempo en el lugar. Este domingo,&nbsp;<strong>al cierre de las mesas, qued\u00f3 corroborada la ausencia de Clerici en esta jornada electoral.<\/strong><\/p>\n","protected":false},"excerpt":{"rendered":"<p>Sof\u00eda Clericialcanz\u00f3 un alto nivel de\u00a0exposici\u00f3n medi\u00e1tica\u00a0luego de protagonizar el esc\u00e1ndalo por el Yategate. Luego que blanqueara su romance con\u00a0Mart\u00edn Insaurralde, no solo se conoci\u00f3 la ostentosa vida de ambos,&hellip; <\/p>\n","protected":false},"author":12,"featured_media":96947,"comment_status":"closed","ping_status":"open","sticky":false,"template":"","format":"standard","meta":{"footnotes":""},"categories":[19],"tags":[],"class_list":["post-96940","post","type-post","status-publish","format-standard","has-post-thumbnail","hentry","category-espectaculos"],"_links":{"self":[{"href":"https:\/\/corrientesdetarde.com\/index.php\/wp-json\/wp\/v2\/posts\/96940","targetHints":{"allow":["GET"]}}],"collection":[{"href":"https:\/\/corrientesdetarde.com\/index.php\/wp-json\/wp\/v2\/posts"}],"about":[{"href":"https:\/\/corrientesdetarde.com\/index.php\/wp-json\/wp\/v2\/types\/post"}],"author":[{"embeddable":true,"href":"https:\/\/corrientesdetarde.com\/index.php\/wp-json\/wp\/v2\/users\/12"}],"replies":[{"embeddable":true,"href":"https:\/\/corrientesdetarde.com\/index.php\/wp-json\/wp\/v2\/comments?post=96940"}],"version-history":[{"count":1,"href":"https:\/\/corrientesdetarde.com\/index.php\/wp-json\/wp\/v2\/posts\/96940\/revisions"}],"predecessor-version":[{"id":96948,"href":"https:\/\/corrientesdetarde.com\/index.php\/wp-json\/wp\/v2\/posts\/96940\/revisions\/96948"}],"wp:featuredmedia":[{"embeddable":true,"href":"https:\/\/corrientesdetarde.com\/index.php\/wp-json\/wp\/v2\/media\/96947"}],"wp:attachment":[{"href":"https:\/\/corrientesdetarde.com\/index.php\/wp-json\/wp\/v2\/media?parent=96940"}],"wp:term":[{"taxonomy":"category","embeddable":true,"href":"https:\/\/corrientesdetarde.com\/index.php\/wp-json\/wp\/v2\/categories?post=96940"},{"taxonomy":"post_tag","embeddable":true,"href":"https:\/\/corrientesdetarde.com\/index.php\/wp-json\/wp\/v2\/tags?post=96940"}],"curies":[{"name":"wp","href":"https:\/\/api.w.org\/{rel}","templated":true}]}}