{"id":96955,"date":"2023-10-23T10:54:05","date_gmt":"2023-10-23T13:54:05","guid":{"rendered":"https:\/\/corrientesdetarde.com\/?p=96955"},"modified":"2023-10-23T10:54:17","modified_gmt":"2023-10-23T13:54:17","slug":"tras-el-resultado-de-las-elecciones-caen-los-bonos-y-acciones-argentinas-en-el-exterior","status":"publish","type":"post","link":"https:\/\/corrientesdetarde.com\/index.php\/economia\/tras-el-resultado-de-las-elecciones-caen-los-bonos-y-acciones-argentinas-en-el-exterior\/","title":{"rendered":"Tras el resultado de las elecciones, caen los bonos y acciones argentinas en el exterior"},"content":{"rendered":"\n<p>El mercado reacciona este lunes al resultado electoral que puso en el balotaje a\u00a0<strong>Sergio Massa<\/strong>\u00a0y\u00a0<strong>Javier Milei<\/strong>. Si bien era el escenario m\u00e1s esperado por las encuestas y los operadores, se alter\u00f3 el orden: el candidato oficialista recuper\u00f3 terreno y entr\u00f3 primero a la segunda vuelta.<\/p>\n\n\n\n<p>Antes de la apertura formal de los mercados, hubo dos datos sobresalientes: la\u00a0<strong>baja del\u00a0d\u00f3lar cripto<\/strong>\u00a0y el\u00a0<strong>derrumbe de los bonos<\/strong>\u00a0en el exterior.<\/p>\n\n\n\n<p>El tipo de cambio que se negocia en las aplicaciones de criptomonedas lleg\u00f3 el domingo a tocar los $1400, pero este lunes opera en torno a los $1000, seg\u00fan la aplicaci\u00f3n que se use. Por eso, se espera que el\u00a0<strong>d\u00f3lar blue acompa\u00f1e<\/strong>\u00a0esa tendencia, m\u00e1s en medio de\u00a0renovados operativos en la City porte\u00f1a.<\/p>\n\n\n\n<p>La&nbsp;<strong>deuda argentina<\/strong>, en cambio, reacciona de forma negativa al resultado de la elecci\u00f3n. En el premarket de la Bolsa de los Estados Unidos, los bonos arrancaron el d\u00eda con&nbsp;<strong>bajas que llegan a superar el 10%<\/strong>. Es la mayor ca\u00edda desde julio del a\u00f1o pasado, cuando los t\u00edtulos retroced\u00edan en plena crisis financiera desatada por la salida de Mart\u00edn Guzm\u00e1n.<\/p>\n\n\n\n<p>Las&nbsp;<strong>acciones<\/strong>&nbsp;que cotizan en Wall Street, en tanto, tambi\u00e9n&nbsp;<strong>muestran p\u00e9rdidas<\/strong>&nbsp;antes de la apertura del mercado. Las mayores p\u00e9rdidas son para Grupo Financiero Galicia, que se hunde casi 7%; e YPF, que retrocede cerca de 5%.<\/p>\n","protected":false},"excerpt":{"rendered":"<p>El mercado reacciona este lunes al resultado electoral que puso en el balotaje a\u00a0Sergio Massa\u00a0y\u00a0Javier Milei. Si bien era el escenario m\u00e1s esperado por las encuestas y los operadores, se&hellip; <\/p>\n","protected":false},"author":12,"featured_media":96958,"comment_status":"closed","ping_status":"open","sticky":false,"template":"","format":"standard","meta":{"footnotes":""},"categories":[20],"tags":[],"class_list":["post-96955","post","type-post","status-publish","format-standard","has-post-thumbnail","hentry","category-economia"],"_links":{"self":[{"href":"https:\/\/corrientesdetarde.com\/index.php\/wp-json\/wp\/v2\/posts\/96955","targetHints":{"allow":["GET"]}}],"collection":[{"href":"https:\/\/corrientesdetarde.com\/index.php\/wp-json\/wp\/v2\/posts"}],"about":[{"href":"https:\/\/corrientesdetarde.com\/index.php\/wp-json\/wp\/v2\/types\/post"}],"author":[{"embeddable":true,"href":"https:\/\/corrientesdetarde.com\/index.php\/wp-json\/wp\/v2\/users\/12"}],"replies":[{"embeddable":true,"href":"https:\/\/corrientesdetarde.com\/index.php\/wp-json\/wp\/v2\/comments?post=96955"}],"version-history":[{"count":1,"href":"https:\/\/corrientesdetarde.com\/index.php\/wp-json\/wp\/v2\/posts\/96955\/revisions"}],"predecessor-version":[{"id":96959,"href":"https:\/\/corrientesdetarde.com\/index.php\/wp-json\/wp\/v2\/posts\/96955\/revisions\/96959"}],"wp:featuredmedia":[{"embeddable":true,"href":"https:\/\/corrientesdetarde.com\/index.php\/wp-json\/wp\/v2\/media\/96958"}],"wp:attachment":[{"href":"https:\/\/corrientesdetarde.com\/index.php\/wp-json\/wp\/v2\/media?parent=96955"}],"wp:term":[{"taxonomy":"category","embeddable":true,"href":"https:\/\/corrientesdetarde.com\/index.php\/wp-json\/wp\/v2\/categories?post=96955"},{"taxonomy":"post_tag","embeddable":true,"href":"https:\/\/corrientesdetarde.com\/index.php\/wp-json\/wp\/v2\/tags?post=96955"}],"curies":[{"name":"wp","href":"https:\/\/api.w.org\/{rel}","templated":true}]}}