{"id":96956,"date":"2023-10-23T10:57:28","date_gmt":"2023-10-23T13:57:28","guid":{"rendered":"https:\/\/corrientesdetarde.com\/?p=96956"},"modified":"2023-10-23T10:57:40","modified_gmt":"2023-10-23T13:57:40","slug":"cuando-hay-que-empezar-a-preocuparse-por-la-memoria-segun-harvard","status":"publish","type":"post","link":"https:\/\/corrientesdetarde.com\/index.php\/bienestar-y-salud\/cuando-hay-que-empezar-a-preocuparse-por-la-memoria-segun-harvard\/","title":{"rendered":"Cu\u00e1ndo hay que empezar a preocuparse por la memoria, seg\u00fan Harvard"},"content":{"rendered":"\n<p>El proceso de\u00a0<strong>almacenar informaci\u00f3n y recuerdos\u00a0<\/strong>para retomarlos en el momento necesario es una\u00a0funci\u00f3n cognitiva\u00a0ejercida por la memoria a trav\u00e9s de la que el ser humano tiene la capacidad de aprender: sin ella, no habr\u00eda forma de adquirir conocimientos.<\/p>\n\n\n\n<p>\u201cEl\u00a0<strong>cerebro\u00a0<\/strong>es como cualquier otra parte del cuerpo y, con el tiempo, es posible que no funcione tan bien\u201d, explica la psic\u00f3loga de la Divisi\u00f3n de Psiquiatr\u00eda Geri\u00e1trica del Hospital McLean, afiliado a Harvard, Ana Treba Yepez. La especialista explica que, con el tiempo, las regiones del cerebro involucradas en la memoria, como el hipocampo y la corteza prefrontal, pueden reducirse, lo que hace que sea m\u00e1s dif\u00edcil realizar m\u00faltiples tareas, mantenerse concentrado y\u00a0<strong>retener informaci\u00f3n<\/strong>.<\/p>\n\n\n\n<h2 class=\"wp-block-heading\">\u00bfLapsus mentales comunes o signos tempranos de demencia?<\/h2>\n\n\n\n<p>Esto puede explicar aquellos\u00a0<strong>errores de la memoria<\/strong>\u00a0que hacen a alguien sentir que perdi\u00f3 su tel\u00e9fono aun cuando lo tiene en la mano o perder el hilo de los pensamientos durante una conversaci\u00f3n. Pero, \u00bfson<strong>\u00a0lapsus mentales\u00a0<\/strong>comunes o se trata de signos tempranos de\u00a0demencia?<\/p>\n\n\n\n<figure class=\"wp-block-image\"><img decoding=\"async\" src=\"https:\/\/tn.com.ar\/resizer\/JcGlNQHqlCUjXp_7rTsI7RT07is=\/767x0\/smart\/filters:format(webp)\/cloudfront-us-east-1.images.arcpublishing.com\/artear\/UZE2AQAWBBB4RA2O37QKMPELOA.jpeg\" alt=\"La p\u00e9rdida de memoria puede ser un s\u00edntoma de disfunci\u00f3n cerebral (Foto: Adobe Stock).\"\/><figcaption>La p\u00e9rdida de memoria puede ser un s\u00edntoma de disfunci\u00f3n cerebral (Foto: Adobe Stock).<\/figcaption><\/figure>\n\n\n\n<p>La<strong>&nbsp;Escuela de Medicina de Harvard&nbsp;<\/strong>adelanta que este tipo de&nbsp;<strong>lapsus de la memoria&nbsp;<\/strong>no necesariamente es se\u00f1al de demencia. Seg\u00fan Trueba, \u201cestos episodios pueden ser alarmantes, pero en su mayor parte no son motivos de preocupaci\u00f3n\u201d.<\/p>\n\n\n\n<h2 class=\"wp-block-heading\">\u00bfCu\u00e1ndo se encienden las alarmas de demencia?<\/h2>\n\n\n\n<p>Estos lapsus tambi\u00e9n conocidos como momentos de la tercera edad, pueden ir y venir. Sin embargo, cuando se empiezan a hacer m\u00e1s frecuentes, se agravan o llegan a surgir nuevos problemas cognitivos, es posible que haya un problema m\u00e1s delicado.<\/p>\n\n\n\n<p>Por ejemplo, hay que estar atentos si una persona tiene dificultades para seguir una conversaci\u00f3n, interrumpe a otros cuando hablan o discute acerca de otro tema que no tiene nada que ver con lo que se est\u00e1 hablando. Otra se\u00f1al de alarma es cuando esos lapsos de memoria empiezan a&nbsp;<strong>afectar la vida cotidiana<\/strong>, como cuando se falta a una cita programada o se olvida pagar las facturas.<\/p>\n\n\n\n<figure class=\"wp-block-image\"><img decoding=\"async\" src=\"https:\/\/tn.com.ar\/resizer\/yY1n6bvLy1c5tV0kgSajrt5hviQ=\/767x0\/smart\/filters:format(webp)\/cloudfront-us-east-1.images.arcpublishing.com\/artear\/BYKN6EZLMRB5RNNQ6S2TEAPERU.jpeg\" alt=\"Algunas personas mayores tienen una afecci\u00f3n llamada deterioro cognitivo leve, lo que significa que tienen m\u00e1s problemas de memoria. (Foto: Adobe Stock)\"\/><figcaption>Algunas personas mayores tienen una afecci\u00f3n llamada deterioro cognitivo leve, lo que significa que tienen m\u00e1s problemas de memoria. (Foto: Adobe Stock)<\/figcaption><\/figure>\n\n\n\n<p>En este caso, la doctora Trueba se\u00f1ala que en muchas ocasiones las personas no son conscientes de que los problemas de memoria<strong>&nbsp;han llegado a empeorar<\/strong>, y recomienda que si alguien sospecha de alg\u00fan cambio por peque\u00f1o que parezca, pida a sus familiares o amigos que busquen y se\u00f1alen cambios en la memoria con ejemplos.<\/p>\n\n\n\n<p>No obstante, estos cambios no indican autom\u00e1ticamente que haya demencia. Existen otros factores como la alimentaci\u00f3n, el consumo de alcohol, la ingesta de alg\u00fan medicamento, la depresi\u00f3n y la ansiedad, que afectan la memoria. En ese caso, lo correcto es acudir al m\u00e9dico para que ofrezca un diagn\u00f3stico acertado.<\/p>\n","protected":false},"excerpt":{"rendered":"<p>El proceso de\u00a0almacenar informaci\u00f3n y recuerdos\u00a0para retomarlos en el momento necesario es una\u00a0funci\u00f3n cognitiva\u00a0ejercida por la memoria a trav\u00e9s de la que el ser humano tiene la capacidad de aprender:&hellip; <\/p>\n","protected":false},"author":12,"featured_media":96960,"comment_status":"closed","ping_status":"open","sticky":false,"template":"","format":"standard","meta":{"footnotes":""},"categories":[16],"tags":[],"class_list":["post-96956","post","type-post","status-publish","format-standard","has-post-thumbnail","hentry","category-bienestar-y-salud"],"_links":{"self":[{"href":"https:\/\/corrientesdetarde.com\/index.php\/wp-json\/wp\/v2\/posts\/96956","targetHints":{"allow":["GET"]}}],"collection":[{"href":"https:\/\/corrientesdetarde.com\/index.php\/wp-json\/wp\/v2\/posts"}],"about":[{"href":"https:\/\/corrientesdetarde.com\/index.php\/wp-json\/wp\/v2\/types\/post"}],"author":[{"embeddable":true,"href":"https:\/\/corrientesdetarde.com\/index.php\/wp-json\/wp\/v2\/users\/12"}],"replies":[{"embeddable":true,"href":"https:\/\/corrientesdetarde.com\/index.php\/wp-json\/wp\/v2\/comments?post=96956"}],"version-history":[{"count":1,"href":"https:\/\/corrientesdetarde.com\/index.php\/wp-json\/wp\/v2\/posts\/96956\/revisions"}],"predecessor-version":[{"id":96961,"href":"https:\/\/corrientesdetarde.com\/index.php\/wp-json\/wp\/v2\/posts\/96956\/revisions\/96961"}],"wp:featuredmedia":[{"embeddable":true,"href":"https:\/\/corrientesdetarde.com\/index.php\/wp-json\/wp\/v2\/media\/96960"}],"wp:attachment":[{"href":"https:\/\/corrientesdetarde.com\/index.php\/wp-json\/wp\/v2\/media?parent=96956"}],"wp:term":[{"taxonomy":"category","embeddable":true,"href":"https:\/\/corrientesdetarde.com\/index.php\/wp-json\/wp\/v2\/categories?post=96956"},{"taxonomy":"post_tag","embeddable":true,"href":"https:\/\/corrientesdetarde.com\/index.php\/wp-json\/wp\/v2\/tags?post=96956"}],"curies":[{"name":"wp","href":"https:\/\/api.w.org\/{rel}","templated":true}]}}