{"id":96965,"date":"2023-10-23T11:32:13","date_gmt":"2023-10-23T14:32:13","guid":{"rendered":"https:\/\/corrientesdetarde.com\/?p=96965"},"modified":"2023-10-23T11:32:16","modified_gmt":"2023-10-23T14:32:16","slug":"promulgaron-la-ley-olimpia-que-incorpora-la-figura-de-violencia-digital","status":"publish","type":"post","link":"https:\/\/corrientesdetarde.com\/index.php\/politica\/promulgaron-la-ley-olimpia-que-incorpora-la-figura-de-violencia-digital\/","title":{"rendered":"Promulgaron la Ley Olimpia que incorpora la figura de violencia digital"},"content":{"rendered":"\n<p>El Gobierno promulg\u00f3 la denominada Ley Olimpia que incorpora la violencia digital a la ley 26.485 sobre Protecci\u00f3n Integral a las Mujeres, abordando los delitos que violen la intimidad sexual de las personas a trav\u00e9s de medios digitales y la difusi\u00f3n sin consentimiento de cualquier contenido \u00edntimo.<\/p>\n\n\n\n<p>Lo hizo a trav\u00e9s del decreto 542\/2023, que lleva las firmas del presidente Alberto Fern\u00e1ndez; el jefe de Gabinete, Agust\u00edn Rossi; y la ministra de las Mujeres, G\u00e9neros y Diversidad, Ayel\u00e9n Mazzina.<\/p>\n\n\n\n<p>La ley 27.736, conocida como Ley Olimpia por la activista Olimpia Coral Melo que fue v\u00edctima de la difusi\u00f3n de im\u00e1genes \u00edntimas y se convirti\u00f3 en un \u00edcono de la lucha contra la violencia digital en Am\u00e9rica Latina al impulsar leyes que condenen este delito, fue sancionada el pasado 10 de octubre por el Congreso de la Naci\u00f3n.<\/p>\n\n\n\n<p>Durante la sesi\u00f3n donde se convirti\u00f3 en ley, la diputada M\u00f3nica Macha \u2013impulsora de la norma- indic\u00f3 que la definici\u00f3n de violencia digital &#8220;es aquella que se ejerce mediante el uso de las tecnolog\u00edas de la informaci\u00f3n y la comunicaci\u00f3n y que implique la obtenci\u00f3n, reproducci\u00f3n y difusi\u00f3n por cualquier medio de datos personales, material digital real, simulado, \u00edntimo o de desnudez de las mujeres sin su consentimiento, discursos de odio de g\u00e9nero, patrones estereotipados sexistas o que impliquen situaciones de acoso, amenaza, extorsi\u00f3n o control virtual, o acciones que atenten contra la integridad sexual o identidad digital de las mujeres a trav\u00e9s de las TIC&#8221;.<\/p>\n\n\n\n<p>Asimismo, Macha resalt\u00f3 que la Ley Olimpia &#8220;se complementa&#8221; con la Ley Bel\u00e9n.<\/p>\n\n\n\n<p>&#8220;La Ley Olimpia apunta a todas las instancias de prevenci\u00f3n, de asistencia y acompa\u00f1amiento a las v\u00edctimas y sobrevivientes de la violencia digital, mientras que, la Ley Bel\u00e9n lo que busca es la incorporaci\u00f3n de la violencia digital como delito en el C\u00f3digo Penal, de modo que se pueda sancionar a aquellas personas que difunden material \u00edntimo sin consentimiento, aquellos que suben el material y aquellos que lo difunden&#8221;, explic\u00f3.<\/p>\n\n\n\n<p><\/p>\n","protected":false},"excerpt":{"rendered":"<p>El Gobierno promulg\u00f3 la denominada Ley Olimpia que incorpora la violencia digital a la ley 26.485 sobre Protecci\u00f3n Integral a las Mujeres, abordando los delitos que violen la intimidad sexual&hellip; <\/p>\n","protected":false},"author":12,"featured_media":96967,"comment_status":"closed","ping_status":"open","sticky":false,"template":"","format":"standard","meta":{"footnotes":""},"categories":[3],"tags":[],"class_list":["post-96965","post","type-post","status-publish","format-standard","has-post-thumbnail","hentry","category-politica"],"_links":{"self":[{"href":"https:\/\/corrientesdetarde.com\/index.php\/wp-json\/wp\/v2\/posts\/96965","targetHints":{"allow":["GET"]}}],"collection":[{"href":"https:\/\/corrientesdetarde.com\/index.php\/wp-json\/wp\/v2\/posts"}],"about":[{"href":"https:\/\/corrientesdetarde.com\/index.php\/wp-json\/wp\/v2\/types\/post"}],"author":[{"embeddable":true,"href":"https:\/\/corrientesdetarde.com\/index.php\/wp-json\/wp\/v2\/users\/12"}],"replies":[{"embeddable":true,"href":"https:\/\/corrientesdetarde.com\/index.php\/wp-json\/wp\/v2\/comments?post=96965"}],"version-history":[{"count":1,"href":"https:\/\/corrientesdetarde.com\/index.php\/wp-json\/wp\/v2\/posts\/96965\/revisions"}],"predecessor-version":[{"id":96968,"href":"https:\/\/corrientesdetarde.com\/index.php\/wp-json\/wp\/v2\/posts\/96965\/revisions\/96968"}],"wp:featuredmedia":[{"embeddable":true,"href":"https:\/\/corrientesdetarde.com\/index.php\/wp-json\/wp\/v2\/media\/96967"}],"wp:attachment":[{"href":"https:\/\/corrientesdetarde.com\/index.php\/wp-json\/wp\/v2\/media?parent=96965"}],"wp:term":[{"taxonomy":"category","embeddable":true,"href":"https:\/\/corrientesdetarde.com\/index.php\/wp-json\/wp\/v2\/categories?post=96965"},{"taxonomy":"post_tag","embeddable":true,"href":"https:\/\/corrientesdetarde.com\/index.php\/wp-json\/wp\/v2\/tags?post=96965"}],"curies":[{"name":"wp","href":"https:\/\/api.w.org\/{rel}","templated":true}]}}