{"id":96979,"date":"2023-10-23T11:59:09","date_gmt":"2023-10-23T14:59:09","guid":{"rendered":"https:\/\/corrientesdetarde.com\/?p=96979"},"modified":"2023-10-23T11:59:23","modified_gmt":"2023-10-23T14:59:23","slug":"la-muni-en-tu-barrio-llegara-la-ultima-semana-de-octubreal-ciudades-correntinas-y-al-guemes","status":"publish","type":"post","link":"https:\/\/corrientesdetarde.com\/index.php\/informacion-general\/la-muni-en-tu-barrio-llegara-la-ultima-semana-de-octubreal-ciudades-correntinas-y-al-guemes\/","title":{"rendered":"La Muni en tu Barrio llegar\u00e1 la \u00faltima semana de octubreal Ciudades Correntinas y al G\u00fcemes"},"content":{"rendered":"\n<p><em>El mi\u00e9rcoles 25, de 8 a 12, se brindar\u00e1n prestaciones y servicios gratuitos a los vecinos del barrio Ciudades Correntinas, mientras que el viernes 27, se instalar\u00e1 en el G\u00fcemes. En ambos lugares, desde las 14, se realizar\u00e1 descacharrado.<\/em><\/p>\n\n\n\n<p>La Municipalidad de Corrientes, junto al Gobierno de la Provincia, contin\u00faa con las acciones semanales dentro del programa La Muni en tu Barrio. En ese marco terminar\u00e1 el mes de octubre llegando el mi\u00e9rcoles 25, de 8 a 12, a las calles Tupac Amaru y Pasaje Catue\u00f1o del barrio Ciudades Correntinas. Mientras que el viernes 27 la base de acciones estar\u00e1 en Las Heras y Fray Cayetano Rodr\u00edguez en el barrio G\u00fcemes.<\/p>\n\n\n\n<p>Los equipos de la comuna capitalina junto a un importante aporte de la Provincia, acercar\u00e1n prestaciones de odontolog\u00eda, peso y talla, control m\u00e9dico general, el programa Mascotas Saludables, Mediaci\u00f3n, Defensa del Consumidor, tarjeta SUBE, Agricultura Periurbana (\u00d1ande Huerta), Comisiones Vecinales, asesoramiento para pensiones no contributivas y temas de ni\u00f1ez, diversidad y g\u00e9nero. &nbsp;<\/p>\n\n\n\n<p>En los diferentes stands los vecinos podr\u00e1n acceder al abordaje y prevenci\u00f3n de consumos problem\u00e1ticos, estar\u00e1n las \u00e1reas de Adultos Mayores, Infraestructura, Oficina de Empleo, servicio de peluquer\u00eda, Eco Trueque, entre otros.<\/p>\n\n\n\n<p>MASCOTAS SALUDABLES &nbsp;<\/p>\n\n\n\n<p>El programa municipal Mascotas Saludables tambi\u00e9n se suma a la lista de prestaciones, con controles de salud a mascotas, vacunaci\u00f3n y desparasitaci\u00f3n, las que se brindan por orden de llegada.&nbsp;<\/p>\n\n\n\n<p>Tambi\u00e9n se implementan esterilizaciones (castraciones), para ello los interesados deben solicitar turnos en la p\u00e1gina web:&nbsp;<a href=\"http:\/\/www.ciudaddecorrientes.gov.ar\/mascotassaludables\" target=\"_blank\" rel=\"noreferrer noopener\">www.ciudaddecorrientes.gov.ar\/mascotassaludables<\/a>&nbsp;donde tienen que registrar sus datos personales y los de su mascota, y a la vez se les indica los requisitos que deben cumplir para que se den las condiciones seguras para la intervenci\u00f3n quir\u00fargica y luego deben seleccionar la opci\u00f3n para acceder al turno.&nbsp;<\/p>\n\n\n\n<p>DESCACHARRADO&nbsp;<\/p>\n\n\n\n<p>Tambi\u00e9n adquiere fundamental importancia la labor municipal para erradicar o minimizar la presencia del mosquito Aedes aegipty, vector del dengue y otras enfermedades, en los distintos barrios de la ciudad.&nbsp;<\/p>\n\n\n\n<p>Para ello se implementar\u00e1 el descacharrado por la tarde, a partir de las 14, en las zonas donde est\u00e1 previsto esta semana el operativo La Muni en tu Barrio.&nbsp;<\/p>\n\n\n\n<p>El mi\u00e9rcoles 25 de octubre, en el barrio Ciudades Correntinas, la zona de acci\u00f3n estar\u00e1 delimitada por las calles San Francisco de As\u00eds, Cuba, S\u00e1nchez de Bustamante y Trenton.<\/p>\n\n\n\n<p>En tanto, el viernes 27, en el G\u00fcemes, el radio de acci\u00f3n incluye el sector delimitado por las calles Paiubre, Las Piedras, Independencia y Cazadores Correntinos.<\/p>\n\n\n\n<figure class=\"wp-block-image size-large\"><img loading=\"lazy\" decoding=\"async\" width=\"819\" height=\"1024\" src=\"https:\/\/corrientesdetarde.com\/wp-content\/uploads\/2023\/10\/barrio-12-819x1024.jpeg\" alt=\"\" class=\"wp-image-96983\" srcset=\"https:\/\/corrientesdetarde.com\/wp-content\/uploads\/2023\/10\/barrio-12-819x1024.jpeg 819w, https:\/\/corrientesdetarde.com\/wp-content\/uploads\/2023\/10\/barrio-12-240x300.jpeg 240w, https:\/\/corrientesdetarde.com\/wp-content\/uploads\/2023\/10\/barrio-12-768x960.jpeg 768w, https:\/\/corrientesdetarde.com\/wp-content\/uploads\/2023\/10\/barrio-12.jpeg 1024w\" sizes=\"auto, (max-width: 819px) 100vw, 819px\" \/><\/figure>\n\n\n\n<figure class=\"wp-block-image size-large\"><img loading=\"lazy\" decoding=\"async\" width=\"819\" height=\"1024\" src=\"https:\/\/corrientesdetarde.com\/wp-content\/uploads\/2023\/10\/barrio-11-819x1024.jpeg\" alt=\"\" class=\"wp-image-96984\" srcset=\"https:\/\/corrientesdetarde.com\/wp-content\/uploads\/2023\/10\/barrio-11-819x1024.jpeg 819w, https:\/\/corrientesdetarde.com\/wp-content\/uploads\/2023\/10\/barrio-11-240x300.jpeg 240w, https:\/\/corrientesdetarde.com\/wp-content\/uploads\/2023\/10\/barrio-11-768x960.jpeg 768w, https:\/\/corrientesdetarde.com\/wp-content\/uploads\/2023\/10\/barrio-11.jpeg 1024w\" sizes=\"auto, (max-width: 819px) 100vw, 819px\" \/><\/figure>\n","protected":false},"excerpt":{"rendered":"<p>El mi\u00e9rcoles 25, de 8 a 12, se brindar\u00e1n prestaciones y servicios gratuitos a los vecinos del barrio Ciudades Correntinas, mientras que el viernes 27, se instalar\u00e1 en el G\u00fcemes.&hellip; <\/p>\n","protected":false},"author":12,"featured_media":96982,"comment_status":"closed","ping_status":"open","sticky":false,"template":"","format":"standard","meta":{"footnotes":""},"categories":[1],"tags":[],"class_list":["post-96979","post","type-post","status-publish","format-standard","has-post-thumbnail","hentry","category-informacion-general"],"_links":{"self":[{"href":"https:\/\/corrientesdetarde.com\/index.php\/wp-json\/wp\/v2\/posts\/96979","targetHints":{"allow":["GET"]}}],"collection":[{"href":"https:\/\/corrientesdetarde.com\/index.php\/wp-json\/wp\/v2\/posts"}],"about":[{"href":"https:\/\/corrientesdetarde.com\/index.php\/wp-json\/wp\/v2\/types\/post"}],"author":[{"embeddable":true,"href":"https:\/\/corrientesdetarde.com\/index.php\/wp-json\/wp\/v2\/users\/12"}],"replies":[{"embeddable":true,"href":"https:\/\/corrientesdetarde.com\/index.php\/wp-json\/wp\/v2\/comments?post=96979"}],"version-history":[{"count":1,"href":"https:\/\/corrientesdetarde.com\/index.php\/wp-json\/wp\/v2\/posts\/96979\/revisions"}],"predecessor-version":[{"id":96985,"href":"https:\/\/corrientesdetarde.com\/index.php\/wp-json\/wp\/v2\/posts\/96979\/revisions\/96985"}],"wp:featuredmedia":[{"embeddable":true,"href":"https:\/\/corrientesdetarde.com\/index.php\/wp-json\/wp\/v2\/media\/96982"}],"wp:attachment":[{"href":"https:\/\/corrientesdetarde.com\/index.php\/wp-json\/wp\/v2\/media?parent=96979"}],"wp:term":[{"taxonomy":"category","embeddable":true,"href":"https:\/\/corrientesdetarde.com\/index.php\/wp-json\/wp\/v2\/categories?post=96979"},{"taxonomy":"post_tag","embeddable":true,"href":"https:\/\/corrientesdetarde.com\/index.php\/wp-json\/wp\/v2\/tags?post=96979"}],"curies":[{"name":"wp","href":"https:\/\/api.w.org\/{rel}","templated":true}]}}