{"id":96987,"date":"2023-10-23T12:13:14","date_gmt":"2023-10-23T15:13:14","guid":{"rendered":"https:\/\/corrientesdetarde.com\/?p=96987"},"modified":"2023-10-23T12:13:17","modified_gmt":"2023-10-23T15:13:17","slug":"cuadrillas-municipales-realizaron-tareastras-las-lluvias-y-los-fuertes-vientos","status":"publish","type":"post","link":"https:\/\/corrientesdetarde.com\/index.php\/informacion-general\/cuadrillas-municipales-realizaron-tareastras-las-lluvias-y-los-fuertes-vientos\/","title":{"rendered":"Cuadrillas municipales realizaron tareastras las lluvias y los fuertes vientos"},"content":{"rendered":"\n<p><em>Por las r\u00e1fagas de vientos se registr\u00f3 la ca\u00edda de dos \u00e1rboles en la intersecci\u00f3n de la avenida Poncho Verde y calle 25 de Mayo, y en las calles 9 de Julio y Brasil. En la zona, la Municipalidad actu\u00f3 con celeridad y realiz\u00f3 el respectivo despeje. Durante la madrugada cayeron 32,5 mil\u00edmetros y se esperan precipitaciones hasta la madrugada del martes.<\/em><\/p>\n\n\n\n<p>Ante las lluvias y los fuertes vientos registrados en la ciudad de Corrientes, cuadrillas de todas las delegaciones de la Municipalidad realizaron este lunes trabajos en diferentes puntos de la ciudad. Durante la madrugada y hasta las 9 cayeron 32,5 mil\u00edmetros.<br><br>El subsecretario de Gesti\u00f3n Integral de Riesgos del Municipio, Jos\u00e9 Pedro Ru\u00edz, afirm\u00f3 que \u201cla ciudad est\u00e1 normalizada, el agua escurri\u00f3 bastante bien y no se registraron mayores inconvenientes en los barrios\u201d.<br><br>En ese sentido, el funcionario se\u00f1al\u00f3 que debido a los vientos se registraron las ca\u00eddas de dos \u00e1rboles en la intersecci\u00f3n de la avenida Poncho Verde y calle 25 de Mayo, y en las calles 9 de Julio y Brasil. En ambas zonas trabaj\u00f3 el personal municipal para retirarlos r\u00e1pidamente y despejar la zona.<br><br>Adem\u00e1s, Ruiz precis\u00f3 que el otro problema que hubo fue en el barrio Molina Punta. \u201cTuvimos un socavamiento en la calle Sicilia y Canal 4, donde ya se hizo el respectivo se\u00f1alizado para avanzar luego con la reparaci\u00f3n\u201d, afirm\u00f3.<br><br>El subsecretario Gesti\u00f3n Integral de Riesgos precis\u00f3 que tanto la l\u00ednea 0800-555-6864 y la 147 est\u00e1n habilitadas ante cualquier emergencia. \u201cLas solicitudes ingresan inmediatamente a la mesa de trabajo para brindar soluciones al vecino\u201d, sostuvo.<br><br>Por otra parte, afirm\u00f3 que \u201cse est\u00e1 trabajando con las cuadrillas de todas las delegaciones que est\u00e1n en la calle justamente para atender los reclamos\u201d.<br><br>PRON\u00d3STICO<br><br>Entre tanto, el subsecretario Gesti\u00f3n Integral de Riesgos adelant\u00f3 que se esperan lluvias hasta la tarde, que se extender\u00e1n hasta la madrugada del martes.<br><br>Es por ello que le solicit\u00f3 colaboraci\u00f3n a los vecinos para que \u201ccirculen con precauci\u00f3n en sus autos y motos, m\u00e1s en estos d\u00edas lluviosos; tambi\u00e9n le pedimos que no tiren los residuos y las bolsas de basura, que son los que obstruyen los sumideros y evitan que el agua circule normalmente\u201d.<\/p>\n\n\n\n<figure class=\"wp-block-image size-large\"><img loading=\"lazy\" decoding=\"async\" width=\"1024\" height=\"682\" src=\"https:\/\/corrientesdetarde.com\/wp-content\/uploads\/2023\/10\/limpio-2-1024x682.jpeg\" alt=\"\" class=\"wp-image-96994\" srcset=\"https:\/\/corrientesdetarde.com\/wp-content\/uploads\/2023\/10\/limpio-2-1024x682.jpeg 1024w, https:\/\/corrientesdetarde.com\/wp-content\/uploads\/2023\/10\/limpio-2-300x200.jpeg 300w, https:\/\/corrientesdetarde.com\/wp-content\/uploads\/2023\/10\/limpio-2-768x512.jpeg 768w, https:\/\/corrientesdetarde.com\/wp-content\/uploads\/2023\/10\/limpio-2.jpeg 1280w\" sizes=\"auto, (max-width: 1024px) 100vw, 1024px\" \/><\/figure>\n\n\n\n<figure class=\"wp-block-image size-large\"><img loading=\"lazy\" decoding=\"async\" width=\"1024\" height=\"768\" src=\"https:\/\/corrientesdetarde.com\/wp-content\/uploads\/2023\/10\/limpio-3-1024x768.jpeg\" alt=\"\" class=\"wp-image-96995\" srcset=\"https:\/\/corrientesdetarde.com\/wp-content\/uploads\/2023\/10\/limpio-3-1024x768.jpeg 1024w, https:\/\/corrientesdetarde.com\/wp-content\/uploads\/2023\/10\/limpio-3-300x225.jpeg 300w, https:\/\/corrientesdetarde.com\/wp-content\/uploads\/2023\/10\/limpio-3-768x576.jpeg 768w, https:\/\/corrientesdetarde.com\/wp-content\/uploads\/2023\/10\/limpio-3.jpeg 1040w\" sizes=\"auto, (max-width: 1024px) 100vw, 1024px\" \/><\/figure>\n\n\n\n<figure class=\"wp-block-image\"><img decoding=\"async\" src=\"blob:https:\/\/corrientesdetarde.com\/99bea8a4-1e2d-4378-8c5b-2779533a089f\" alt=\"\"\/><\/figure>\n","protected":false},"excerpt":{"rendered":"<p>Por las r\u00e1fagas de vientos se registr\u00f3 la ca\u00edda de dos \u00e1rboles en la intersecci\u00f3n de la avenida Poncho Verde y calle 25 de Mayo, y en las calles 9&hellip; <\/p>\n","protected":false},"author":12,"featured_media":96993,"comment_status":"closed","ping_status":"open","sticky":false,"template":"","format":"standard","meta":{"footnotes":""},"categories":[1],"tags":[],"class_list":["post-96987","post","type-post","status-publish","format-standard","has-post-thumbnail","hentry","category-informacion-general"],"_links":{"self":[{"href":"https:\/\/corrientesdetarde.com\/index.php\/wp-json\/wp\/v2\/posts\/96987","targetHints":{"allow":["GET"]}}],"collection":[{"href":"https:\/\/corrientesdetarde.com\/index.php\/wp-json\/wp\/v2\/posts"}],"about":[{"href":"https:\/\/corrientesdetarde.com\/index.php\/wp-json\/wp\/v2\/types\/post"}],"author":[{"embeddable":true,"href":"https:\/\/corrientesdetarde.com\/index.php\/wp-json\/wp\/v2\/users\/12"}],"replies":[{"embeddable":true,"href":"https:\/\/corrientesdetarde.com\/index.php\/wp-json\/wp\/v2\/comments?post=96987"}],"version-history":[{"count":1,"href":"https:\/\/corrientesdetarde.com\/index.php\/wp-json\/wp\/v2\/posts\/96987\/revisions"}],"predecessor-version":[{"id":96997,"href":"https:\/\/corrientesdetarde.com\/index.php\/wp-json\/wp\/v2\/posts\/96987\/revisions\/96997"}],"wp:featuredmedia":[{"embeddable":true,"href":"https:\/\/corrientesdetarde.com\/index.php\/wp-json\/wp\/v2\/media\/96993"}],"wp:attachment":[{"href":"https:\/\/corrientesdetarde.com\/index.php\/wp-json\/wp\/v2\/media?parent=96987"}],"wp:term":[{"taxonomy":"category","embeddable":true,"href":"https:\/\/corrientesdetarde.com\/index.php\/wp-json\/wp\/v2\/categories?post=96987"},{"taxonomy":"post_tag","embeddable":true,"href":"https:\/\/corrientesdetarde.com\/index.php\/wp-json\/wp\/v2\/tags?post=96987"}],"curies":[{"name":"wp","href":"https:\/\/api.w.org\/{rel}","templated":true}]}}