{"id":96988,"date":"2023-10-23T12:18:54","date_gmt":"2023-10-23T15:18:54","guid":{"rendered":"https:\/\/corrientesdetarde.com\/?p=96988"},"modified":"2023-10-23T12:19:06","modified_gmt":"2023-10-23T15:19:06","slug":"que-pasa-con-el-feriado-de-noviembre-por-el-balotaje","status":"publish","type":"post","link":"https:\/\/corrientesdetarde.com\/index.php\/sociales\/que-pasa-con-el-feriado-de-noviembre-por-el-balotaje\/","title":{"rendered":"Qu\u00e9 pasa con el feriado de noviembre por el balotaje"},"content":{"rendered":"\n<p>Las\u00a0<strong>elecciones generales<\/strong>\u00a0se llevaron adelante este domingo 22 de octubre. Despu\u00e9s de los resultados oficiales, habr\u00e1 un balotaje entre\u00a0Sergio Massa, de Uni\u00f3n por la Patria, y\u00a0Javier Milei, de la Libertad Avanza..<\/p>\n\n\n\n<h2 class=\"wp-block-heading\">\u00bfCu\u00e1ndo ser\u00eda el balotaje en caso de que haya? \u00bfAfectar\u00e1 al feriado de noviembre?<\/h2>\n\n\n\n<p>La\u00a0<strong>C\u00e1mara<\/strong>\u00a0<strong>Nacional Electoral<\/strong>\u00a0ya defini\u00f3 la fecha para unaeventual segunda vuelta. Ser\u00e1 el\u00a0<strong>19 de noviembre<\/strong>, a casi un mes de las elecciones generales. El lunes 20 de noviembre es Feriado Nacional y se celebra el D\u00eda de la Soberan\u00eda Nacional.<\/p>\n\n\n\n<p>En este caso, el gobierno no emiti\u00f3 comunicados oficiales respecto al d\u00eda festivo, por lo que, en principio,<strong>&nbsp;se mantendr\u00eda al d\u00eda del balotaje el 19 y el feriado el 20 de noviembre.<\/strong><\/p>\n\n\n\n<figure class=\"wp-block-image\"><img decoding=\"async\" src=\"https:\/\/tn.com.ar\/resizer\/lZFk-n8hFqF1TD0cUxTjYEFw_YU=\/767x0\/smart\/filters:format(webp)\/cloudfront-us-east-1.images.arcpublishing.com\/artear\/S5CDWNEBRQ4F2MN4AX642RQYJQ.jpg\" alt=\"Una votante emite su boleta durante las elecciones generales en Buenos Aires, Argentina, el domingo 22 de octubre de 2023. (AP Foto\/Gustavo Garello)\"\/><figcaption>Una votante emite su boleta durante las elecciones generales en Buenos Aires, Argentina, el domingo 22 de octubre de 2023. (AP Foto\/Gustavo Garello)Por:&nbsp;<strong>AP<\/strong><\/figcaption><\/figure>\n\n\n\n<h2 class=\"wp-block-heading\">\u00bfQu\u00e9 es el balotaje?<\/h2>\n\n\n\n<p>El balotaje fue implementado en Argentina en 1995, un a\u00f1o despu\u00e9s de la reforma de la&nbsp;<strong>Constituci\u00f3n Nacional<\/strong>. Los art\u00edculos 97 y 98 de la Carta Magna se\u00f1alan que un presidente asume su cargo cuando su f\u00f3rmula consigue:<\/p>\n\n\n\n<ul class=\"wp-block-list\"><li><strong>M\u00e1s del 45 % de los votos afirmativos;<\/strong><\/li><li>Al menos 40% de los votos y una&nbsp;<strong>diferencia porcentual mayor a 10 puntos<\/strong>&nbsp;con respecto a la f\u00f3rmula que le siguen.<\/li><\/ul>\n","protected":false},"excerpt":{"rendered":"<p>Las\u00a0elecciones generales\u00a0se llevaron adelante este domingo 22 de octubre. Despu\u00e9s de los resultados oficiales, habr\u00e1 un balotaje entre\u00a0Sergio Massa, de Uni\u00f3n por la Patria, y\u00a0Javier Milei, de la Libertad Avanza..&hellip; <\/p>\n","protected":false},"author":12,"featured_media":96998,"comment_status":"closed","ping_status":"open","sticky":false,"template":"","format":"standard","meta":{"footnotes":""},"categories":[17],"tags":[],"class_list":["post-96988","post","type-post","status-publish","format-standard","has-post-thumbnail","hentry","category-sociales"],"_links":{"self":[{"href":"https:\/\/corrientesdetarde.com\/index.php\/wp-json\/wp\/v2\/posts\/96988","targetHints":{"allow":["GET"]}}],"collection":[{"href":"https:\/\/corrientesdetarde.com\/index.php\/wp-json\/wp\/v2\/posts"}],"about":[{"href":"https:\/\/corrientesdetarde.com\/index.php\/wp-json\/wp\/v2\/types\/post"}],"author":[{"embeddable":true,"href":"https:\/\/corrientesdetarde.com\/index.php\/wp-json\/wp\/v2\/users\/12"}],"replies":[{"embeddable":true,"href":"https:\/\/corrientesdetarde.com\/index.php\/wp-json\/wp\/v2\/comments?post=96988"}],"version-history":[{"count":1,"href":"https:\/\/corrientesdetarde.com\/index.php\/wp-json\/wp\/v2\/posts\/96988\/revisions"}],"predecessor-version":[{"id":96999,"href":"https:\/\/corrientesdetarde.com\/index.php\/wp-json\/wp\/v2\/posts\/96988\/revisions\/96999"}],"wp:featuredmedia":[{"embeddable":true,"href":"https:\/\/corrientesdetarde.com\/index.php\/wp-json\/wp\/v2\/media\/96998"}],"wp:attachment":[{"href":"https:\/\/corrientesdetarde.com\/index.php\/wp-json\/wp\/v2\/media?parent=96988"}],"wp:term":[{"taxonomy":"category","embeddable":true,"href":"https:\/\/corrientesdetarde.com\/index.php\/wp-json\/wp\/v2\/categories?post=96988"},{"taxonomy":"post_tag","embeddable":true,"href":"https:\/\/corrientesdetarde.com\/index.php\/wp-json\/wp\/v2\/tags?post=96988"}],"curies":[{"name":"wp","href":"https:\/\/api.w.org\/{rel}","templated":true}]}}