{"id":97007,"date":"2023-10-23T13:23:01","date_gmt":"2023-10-23T16:23:01","guid":{"rendered":"https:\/\/corrientesdetarde.com\/?p=97007"},"modified":"2023-10-23T13:23:13","modified_gmt":"2023-10-23T16:23:13","slug":"reunion-con-tecnicos-del-cfi-presidida-por-polich-y-anselmo-donde-analizaron-la-situacion-del-transporte-fluvial-en-corrientes","status":"publish","type":"post","link":"https:\/\/corrientesdetarde.com\/index.php\/informacion-general\/reunion-con-tecnicos-del-cfi-presidida-por-polich-y-anselmo-donde-analizaron-la-situacion-del-transporte-fluvial-en-corrientes\/","title":{"rendered":"Reuni\u00f3n con t\u00e9cnicos del CFI presidida por Polich y Anselmo donde analizaron la situaci\u00f3n del transporte fluvial en Corrientes"},"content":{"rendered":"\n<p>Se concret\u00f3 esta ma\u00f1ana una reuni\u00f3n de trabajo e intercambio del equipo t\u00e9cnico del Consejo Federal de Inversiones (CFI), con actores claves del \u00e1mbito privado y p\u00fablico vinculados al Transporte Fluvial de la provincia de Corrientes. La misma tuvo lugar en el marco de la \u201cEstrategia Log\u00edstica de la Regi\u00f3n Norte Grande\u201d.&nbsp;<\/p>\n\n\n\n<p>Durante el encuentro, encabezado por los ministros de Obras y Servicios P\u00fablicos, Claudio Polich y de Producci\u00f3n, Claudio Anselmo, se abordaron temas relacionados a los obst\u00e1culos existentes en la materia, tanto legales como de infraestructura; as\u00ed como a las oportunidades y potencialidades&nbsp; de este tipo de transporte, con el objetivo de impulsar los servicios fluviales en la Provincia.<\/p>\n\n\n\n<p>La reuni\u00f3n, llevada adelante en la sala de Situaciones del MOSP, cont\u00f3 con la participaci\u00f3n del Secretario de Coordinaci\u00f3n y Planificaci\u00f3n, C\u00e9sar Bentos, el subsecretario de Obras P\u00fablicas, Antonio Portel, el Director de Transporte Fluvial y Puertos, Adolfo Escobar Damus, &nbsp;Amanda Zarratea y Mauricio Colombo de Corrientes Exporta, IFE, y Miguel Ben\u00edtez, de Coordinaci\u00f3n del&nbsp; MOSP, entre otros funcionarios provinciales.<\/p>\n\n\n\n<p>Asimismo participaron operadores de servicios fluviales y puertos, entre los que se contaron Leonardo Rodr\u00edguez, presidente de Atalaya Servicios Fluviales y F\u00e9lix Ruiz Vidal, ex Director de Terminal Portuaria Corrientes, el Jefe de la Prefectura Corrientes, Prefecto Principal Angel Gumercindo Flores y la Directora de Aduana Corrientes, Carolina Coto, entre otros.<\/p>\n\n\n\n<p>Tambi\u00e9n&nbsp;fueron parte del encuentro&nbsp; distintos referentes de c\u00e1maras empresarias de Corrientes, tales como Roberto B\u00e1ez, presidente de la Federaci\u00f3n Empresarial de Corrientes (FECCOR);&nbsp; Jorge Santiago Braun, presidente de la C\u00e1mara de Comercio Exterior;&nbsp; Jorge G\u00f3mez, titular de la Federaci\u00f3n Econ\u00f3mica Corrientes, Fabricio Rodr\u00edguez, presidente FECORR Joven y Lautaro Braun, de la Asociaci\u00f3n J\u00f3venes Empresarios Corrientes, entre otros.<\/p>\n\n\n\n<p>En tanto, el CFI estuvo representado por un equipo integrado por&nbsp; la t\u00e9cnica Silvana Mart\u00ednez, el consultor Mauro \u00c1lvarez&nbsp; y el especialista en administraci\u00f3n y gesti\u00f3n portuaria, Juan Carlos Donato.<\/p>\n\n\n\n<p>La reuni\u00f3n fue fundamentalmente de intercambio, donde cada uno de los actores manifest\u00f3 sus inquietudes y propuestas respecto a la cadena log\u00edstica integral del transporte fluvial, destacando las dificultades que tiene cada uno de ellos para poder concretar las actividades propias de comercio exterior dentro del pa\u00eds.<\/p>\n\n\n\n<p>En la ocasi\u00f3,&nbsp;se abord\u00f3 cuestiones y problem\u00e1ticas vinculadas a la navegaci\u00f3n fluvial en esta parte del pa\u00eds y a la exportaci\u00f3n e importaci\u00f3n en el \u00e1mbito de las econom\u00eda regionales, en relaci\u00f3n a temas tales como las diferentes cargas impositivas, restricciones de circulaci\u00f3n, burocr\u00e1ticos tr\u00e1mites para diligenciar importaciones y exportaciones por esta v\u00eda, dragado y balizamiento y otras cuestiones que impiden una mayor celeridad en el desenvolviendo de esta importante actividad.<\/p>\n\n\n\n<p>Los representantes privados resaltaron la importancia de ser invitados y asistir a este tipo de encuentros, donde pueden recibir e intercambiar informaci\u00f3n y dar opini\u00f3n sobre temas de mutuo inter\u00e9s.<\/p>\n\n\n\n<figure class=\"wp-block-image size-full\"><img loading=\"lazy\" decoding=\"async\" width=\"800\" height=\"454\" src=\"https:\/\/corrientesdetarde.com\/wp-content\/uploads\/2023\/10\/image-576.png\" alt=\"\" class=\"wp-image-97008\" srcset=\"https:\/\/corrientesdetarde.com\/wp-content\/uploads\/2023\/10\/image-576.png 800w, https:\/\/corrientesdetarde.com\/wp-content\/uploads\/2023\/10\/image-576-300x170.png 300w, https:\/\/corrientesdetarde.com\/wp-content\/uploads\/2023\/10\/image-576-768x436.png 768w\" sizes=\"auto, (max-width: 800px) 100vw, 800px\" \/><\/figure>\n\n\n\n<figure class=\"wp-block-image size-full\"><img loading=\"lazy\" decoding=\"async\" width=\"800\" height=\"430\" src=\"https:\/\/corrientesdetarde.com\/wp-content\/uploads\/2023\/10\/image-577.png\" alt=\"\" class=\"wp-image-97009\" srcset=\"https:\/\/corrientesdetarde.com\/wp-content\/uploads\/2023\/10\/image-577.png 800w, https:\/\/corrientesdetarde.com\/wp-content\/uploads\/2023\/10\/image-577-300x161.png 300w, https:\/\/corrientesdetarde.com\/wp-content\/uploads\/2023\/10\/image-577-768x413.png 768w\" sizes=\"auto, (max-width: 800px) 100vw, 800px\" \/><\/figure>\n\n\n\n<p><\/p>\n","protected":false},"excerpt":{"rendered":"<p>Se concret\u00f3 esta ma\u00f1ana una reuni\u00f3n de trabajo e intercambio del equipo t\u00e9cnico del Consejo Federal de Inversiones (CFI), con actores claves del \u00e1mbito privado y p\u00fablico vinculados al Transporte&hellip; <\/p>\n","protected":false},"author":8,"featured_media":97010,"comment_status":"closed","ping_status":"open","sticky":false,"template":"","format":"standard","meta":{"footnotes":""},"categories":[1],"tags":[],"class_list":["post-97007","post","type-post","status-publish","format-standard","has-post-thumbnail","hentry","category-informacion-general"],"_links":{"self":[{"href":"https:\/\/corrientesdetarde.com\/index.php\/wp-json\/wp\/v2\/posts\/97007","targetHints":{"allow":["GET"]}}],"collection":[{"href":"https:\/\/corrientesdetarde.com\/index.php\/wp-json\/wp\/v2\/posts"}],"about":[{"href":"https:\/\/corrientesdetarde.com\/index.php\/wp-json\/wp\/v2\/types\/post"}],"author":[{"embeddable":true,"href":"https:\/\/corrientesdetarde.com\/index.php\/wp-json\/wp\/v2\/users\/8"}],"replies":[{"embeddable":true,"href":"https:\/\/corrientesdetarde.com\/index.php\/wp-json\/wp\/v2\/comments?post=97007"}],"version-history":[{"count":1,"href":"https:\/\/corrientesdetarde.com\/index.php\/wp-json\/wp\/v2\/posts\/97007\/revisions"}],"predecessor-version":[{"id":97011,"href":"https:\/\/corrientesdetarde.com\/index.php\/wp-json\/wp\/v2\/posts\/97007\/revisions\/97011"}],"wp:featuredmedia":[{"embeddable":true,"href":"https:\/\/corrientesdetarde.com\/index.php\/wp-json\/wp\/v2\/media\/97010"}],"wp:attachment":[{"href":"https:\/\/corrientesdetarde.com\/index.php\/wp-json\/wp\/v2\/media?parent=97007"}],"wp:term":[{"taxonomy":"category","embeddable":true,"href":"https:\/\/corrientesdetarde.com\/index.php\/wp-json\/wp\/v2\/categories?post=97007"},{"taxonomy":"post_tag","embeddable":true,"href":"https:\/\/corrientesdetarde.com\/index.php\/wp-json\/wp\/v2\/tags?post=97007"}],"curies":[{"name":"wp","href":"https:\/\/api.w.org\/{rel}","templated":true}]}}