{"id":97019,"date":"2023-10-23T13:31:11","date_gmt":"2023-10-23T16:31:11","guid":{"rendered":"https:\/\/corrientesdetarde.com\/?p=97019"},"modified":"2023-10-23T13:31:23","modified_gmt":"2023-10-23T16:31:23","slug":"la-division-grupo-de-tareas-operaciones-festeja-sus-20-aniversario-de-creacion","status":"publish","type":"post","link":"https:\/\/corrientesdetarde.com\/index.php\/sociales\/la-division-grupo-de-tareas-operaciones-festeja-sus-20-aniversario-de-creacion\/","title":{"rendered":"LA DIVISI\u00d3N GRUPO DE TAREAS OPERACIONES FESTEJA SUS 20\u00b0 ANIVERSARIO DE CREACI\u00d3N"},"content":{"rendered":"\n<p>La Divisi\u00f3n Grupo de Tareas Operacionales -G.T.O.- celebra hoy 23 de Octubre, su 20\u00aa aniversario<br>de creaci\u00f3n, ocurrida en el a\u00f1o 2003, convirti\u00e9ndose en uno de los cuerpos de \u00e9lite m\u00e1s prestigioso de la<br>Polic\u00eda de Corrientes<br>Cabe recordar que, el G.T.O. surgi\u00f3 por motivos de un hecho delictivo que marco a la ciudadan\u00eda<br>Correntina, por el homicidio de un periodista, ocurrido en el Barrio la Olla, a ra\u00edz de ello, la Jefatura de<br>Polic\u00eda consider\u00f3 de importancia, enviar un grupo para restablecer el orden p\u00fablico en esa populosa<br>barriada.<br>Es por ello que, el 23 de octubre el a\u00f1o 2003, se designa un grupo de polic\u00edas para llevar seguridad<br>en la zona, dot\u00e1ndose de los medios para cumplir con la misi\u00f3n, desde entonces debido al buen<br>desempe\u00f1o de los servicios encomendados por la superioridad, fue expandiendo su labor como as\u00ed<br>tambi\u00e9n las capacitaciones al personal policial, en armas y t\u00e1cticas especiales, para estar a la altura de las<br>circunstancias,<\/p>\n\n\n\n<p>Teniendo hoy en d\u00eda entre sus filas personal masculino y femenino capacitado en, escopetero,<br>trasladado de detenidos de alta peligrosidad, curso de montes, infanter\u00eda, nataci\u00f3n y salvamento, buzo,<br>entre otros.<br>El personal, de \u00e9ste prestigioso grupo especial, est\u00e1 entrenado y capacitado para actuar frente a<br>diferentes problem\u00e1ticas, conflictos sociales, o misiones que requieran de apoyo, actuando y prestando<br>colaboraci\u00f3n a sus pares de toda la provincia, incluso en condiciones geogr\u00e1ficas desfavorables.<br>Debido a la versatilidad de las funciones del G.T.O., el actual Jefe de Polic\u00eda Crio Gral. Dr. Alberto<br>Arnaldo MOLINA dispuso a trav\u00e9s de Orden del D\u00eda Interna que en cada Unidad Regional debe tener su<br>asiento una Unidad G.T.O., dependiendo las capacitaciones de los mismos del G.TO. CAPITAL y por lo que,<br>el se\u00f1or jefe de Polic\u00eda dispuso la realizaci\u00f3n del 1er Curso B\u00e1sico Policial Operar G.T.O. el cual finaliz\u00f3<br>d\u00edas atr\u00e1s con total \u00e9xito.<br>Por todo ello, desde el Ministerio de Seguridad, la Subsecretar\u00eda de Seguridad y la Jefatura de<br>Polic\u00eda, saludan a sus actuales miembros y a quienes formaron parte de esta Divisi\u00f3n en esta fecha tan<br>especial.<\/p>\n\n\n\n<figure class=\"wp-block-image size-large\"><img loading=\"lazy\" decoding=\"async\" width=\"1024\" height=\"766\" src=\"https:\/\/corrientesdetarde.com\/wp-content\/uploads\/2023\/10\/GTO-1-1024x766.jpeg\" alt=\"\" class=\"wp-image-97021\" srcset=\"https:\/\/corrientesdetarde.com\/wp-content\/uploads\/2023\/10\/GTO-1-1024x766.jpeg 1024w, https:\/\/corrientesdetarde.com\/wp-content\/uploads\/2023\/10\/GTO-1-300x224.jpeg 300w, https:\/\/corrientesdetarde.com\/wp-content\/uploads\/2023\/10\/GTO-1-768x574.jpeg 768w, https:\/\/corrientesdetarde.com\/wp-content\/uploads\/2023\/10\/GTO-1.jpeg 1280w\" sizes=\"auto, (max-width: 1024px) 100vw, 1024px\" \/><\/figure>\n\n\n\n<figure class=\"wp-block-image size-large\"><img loading=\"lazy\" decoding=\"async\" width=\"1024\" height=\"766\" src=\"https:\/\/corrientesdetarde.com\/wp-content\/uploads\/2023\/10\/GTO-3-1024x766.jpeg\" alt=\"\" class=\"wp-image-97022\" srcset=\"https:\/\/corrientesdetarde.com\/wp-content\/uploads\/2023\/10\/GTO-3-1024x766.jpeg 1024w, https:\/\/corrientesdetarde.com\/wp-content\/uploads\/2023\/10\/GTO-3-300x224.jpeg 300w, https:\/\/corrientesdetarde.com\/wp-content\/uploads\/2023\/10\/GTO-3-768x574.jpeg 768w, https:\/\/corrientesdetarde.com\/wp-content\/uploads\/2023\/10\/GTO-3.jpeg 1280w\" sizes=\"auto, (max-width: 1024px) 100vw, 1024px\" \/><\/figure>\n\n\n\n<figure class=\"wp-block-image size-large\"><img loading=\"lazy\" decoding=\"async\" width=\"1024\" height=\"766\" src=\"https:\/\/corrientesdetarde.com\/wp-content\/uploads\/2023\/10\/GTO-2-1024x766.jpeg\" alt=\"\" class=\"wp-image-97023\" srcset=\"https:\/\/corrientesdetarde.com\/wp-content\/uploads\/2023\/10\/GTO-2-1024x766.jpeg 1024w, https:\/\/corrientesdetarde.com\/wp-content\/uploads\/2023\/10\/GTO-2-300x224.jpeg 300w, https:\/\/corrientesdetarde.com\/wp-content\/uploads\/2023\/10\/GTO-2-768x574.jpeg 768w, https:\/\/corrientesdetarde.com\/wp-content\/uploads\/2023\/10\/GTO-2.jpeg 1280w\" sizes=\"auto, (max-width: 1024px) 100vw, 1024px\" \/><\/figure>\n","protected":false},"excerpt":{"rendered":"<p>La Divisi\u00f3n Grupo de Tareas Operacionales -G.T.O.- celebra hoy 23 de Octubre, su 20\u00aa aniversariode creaci\u00f3n, ocurrida en el a\u00f1o 2003, convirti\u00e9ndose en uno de los cuerpos de \u00e9lite m\u00e1s&hellip; <\/p>\n","protected":false},"author":8,"featured_media":97020,"comment_status":"closed","ping_status":"open","sticky":false,"template":"","format":"standard","meta":{"footnotes":""},"categories":[17],"tags":[],"class_list":["post-97019","post","type-post","status-publish","format-standard","has-post-thumbnail","hentry","category-sociales"],"_links":{"self":[{"href":"https:\/\/corrientesdetarde.com\/index.php\/wp-json\/wp\/v2\/posts\/97019","targetHints":{"allow":["GET"]}}],"collection":[{"href":"https:\/\/corrientesdetarde.com\/index.php\/wp-json\/wp\/v2\/posts"}],"about":[{"href":"https:\/\/corrientesdetarde.com\/index.php\/wp-json\/wp\/v2\/types\/post"}],"author":[{"embeddable":true,"href":"https:\/\/corrientesdetarde.com\/index.php\/wp-json\/wp\/v2\/users\/8"}],"replies":[{"embeddable":true,"href":"https:\/\/corrientesdetarde.com\/index.php\/wp-json\/wp\/v2\/comments?post=97019"}],"version-history":[{"count":1,"href":"https:\/\/corrientesdetarde.com\/index.php\/wp-json\/wp\/v2\/posts\/97019\/revisions"}],"predecessor-version":[{"id":97024,"href":"https:\/\/corrientesdetarde.com\/index.php\/wp-json\/wp\/v2\/posts\/97019\/revisions\/97024"}],"wp:featuredmedia":[{"embeddable":true,"href":"https:\/\/corrientesdetarde.com\/index.php\/wp-json\/wp\/v2\/media\/97020"}],"wp:attachment":[{"href":"https:\/\/corrientesdetarde.com\/index.php\/wp-json\/wp\/v2\/media?parent=97019"}],"wp:term":[{"taxonomy":"category","embeddable":true,"href":"https:\/\/corrientesdetarde.com\/index.php\/wp-json\/wp\/v2\/categories?post=97019"},{"taxonomy":"post_tag","embeddable":true,"href":"https:\/\/corrientesdetarde.com\/index.php\/wp-json\/wp\/v2\/tags?post=97019"}],"curies":[{"name":"wp","href":"https:\/\/api.w.org\/{rel}","templated":true}]}}