{"id":97093,"date":"2023-10-23T23:25:10","date_gmt":"2023-10-24T02:25:10","guid":{"rendered":"https:\/\/corrientesdetarde.com\/?p=97093"},"modified":"2023-10-24T10:01:23","modified_gmt":"2023-10-24T13:01:23","slug":"video-messi-y-sus-hijos-cantaron-en-un-recital-de-ed-sheeran-durante-sus-vacaciones","status":"publish","type":"post","link":"https:\/\/corrientesdetarde.com\/index.php\/deportes\/video-messi-y-sus-hijos-cantaron-en-un-recital-de-ed-sheeran-durante-sus-vacaciones\/","title":{"rendered":"Video: Messi y sus hijos cantaron en un recital de Ed Sheeran durante sus vacaciones"},"content":{"rendered":"\n<p>El argentino ya est\u00e1 libre de compromisos en Estados Unidos por lo que est\u00e1 compartiendo distintas actividades con su familia.<\/p>\n\n\n\n<p><strong>El capit\u00e1n de la Selecci\u00f3n argentina,&nbsp;Lionel Messi,&nbsp;asisti\u00f3 con sus hijos Thiago, Mateo y Ciro y con su esposa Antonela Roccuzzo a un concierto de Ed Sheeran<\/strong>&nbsp;que se llev\u00f3 a cabo en Florida este fin de semana y se los pudo ver cantando en uno de los palcos del recinto.<\/p>\n\n\n\n<p>Despu\u00e9s de no conseguir el objetivo de clasificar a los Playoffs de la Major League Soccer (MLS) con el Inter Miami, Messi recibi\u00f3 unas mini vacaciones mientras descansa para la gira que tendr\u00e1 el club de Florida en China a partir del 5 de noviembre ante el&nbsp;Qingdao Hainiu FC y el 8 del mismo mes frente al&nbsp;Chengdu Rongcheng.<\/p>\n\n\n\n<p>En un video que \u00e9l mismo comparti\u00f3,&nbsp;<strong>se los pudo ver a Thiago, Mateo y Ciro cantando el tema musical de Sheeran, Bad Habits, mientras se mov\u00edan al ritmo de la canci\u00f3n, con un Leo sentado junto a ellos grabando la situaci\u00f3n<\/strong>. Luego la familia entera se tom\u00f3 fotos con el cantante que fueron publicadas en su cuenta de la red social Instagram.<\/p>\n\n\n\n<p>Adem\u00e1s de la gira por China, Messi deber\u00e1 afrontar la pr\u00f3xima doble fecha FIFA por las Eliminatorias Sudamericanas, la \u00faltima de este 2023, que comenzar\u00e1 el jueves 16 de noviembre frente a Uruguay en el estadio Mario Alberto Kempes y despu\u00e9s ante Brasil, como visitante, el martes 21.<\/p>\n\n\n\n<figure class=\"wp-block-video\"><video height=\"482\" style=\"aspect-ratio: 888 \/ 482;\" width=\"888\" controls src=\"https:\/\/corrientesdetarde.com\/wp-content\/uploads\/2023\/10\/191587.mp4\"><\/video><\/figure>\n","protected":false},"excerpt":{"rendered":"<p>El argentino ya est\u00e1 libre de compromisos en Estados Unidos por lo que est\u00e1 compartiendo distintas actividades con su familia. El capit\u00e1n de la Selecci\u00f3n argentina,&nbsp;Lionel Messi,&nbsp;asisti\u00f3 con sus hijos&hellip; <\/p>\n","protected":false},"author":4,"featured_media":97158,"comment_status":"closed","ping_status":"open","sticky":false,"template":"","format":"standard","meta":{"footnotes":""},"categories":[4,26],"tags":[],"class_list":["post-97093","post","type-post","status-publish","format-standard","has-post-thumbnail","hentry","category-deportes","category-destacados"],"_links":{"self":[{"href":"https:\/\/corrientesdetarde.com\/index.php\/wp-json\/wp\/v2\/posts\/97093","targetHints":{"allow":["GET"]}}],"collection":[{"href":"https:\/\/corrientesdetarde.com\/index.php\/wp-json\/wp\/v2\/posts"}],"about":[{"href":"https:\/\/corrientesdetarde.com\/index.php\/wp-json\/wp\/v2\/types\/post"}],"author":[{"embeddable":true,"href":"https:\/\/corrientesdetarde.com\/index.php\/wp-json\/wp\/v2\/users\/4"}],"replies":[{"embeddable":true,"href":"https:\/\/corrientesdetarde.com\/index.php\/wp-json\/wp\/v2\/comments?post=97093"}],"version-history":[{"count":2,"href":"https:\/\/corrientesdetarde.com\/index.php\/wp-json\/wp\/v2\/posts\/97093\/revisions"}],"predecessor-version":[{"id":97219,"href":"https:\/\/corrientesdetarde.com\/index.php\/wp-json\/wp\/v2\/posts\/97093\/revisions\/97219"}],"wp:featuredmedia":[{"embeddable":true,"href":"https:\/\/corrientesdetarde.com\/index.php\/wp-json\/wp\/v2\/media\/97158"}],"wp:attachment":[{"href":"https:\/\/corrientesdetarde.com\/index.php\/wp-json\/wp\/v2\/media?parent=97093"}],"wp:term":[{"taxonomy":"category","embeddable":true,"href":"https:\/\/corrientesdetarde.com\/index.php\/wp-json\/wp\/v2\/categories?post=97093"},{"taxonomy":"post_tag","embeddable":true,"href":"https:\/\/corrientesdetarde.com\/index.php\/wp-json\/wp\/v2\/tags?post=97093"}],"curies":[{"name":"wp","href":"https:\/\/api.w.org\/{rel}","templated":true}]}}