{"id":97131,"date":"2023-10-23T21:56:41","date_gmt":"2023-10-24T00:56:41","guid":{"rendered":"https:\/\/corrientesdetarde.com\/?p=97131"},"modified":"2023-10-23T21:56:53","modified_gmt":"2023-10-24T00:56:53","slug":"primera-nacional-ya-tiene-sede-la-final-entre-almirante-brown-e-independiente-rivadavia-por-el-primer-ascenso","status":"publish","type":"post","link":"https:\/\/corrientesdetarde.com\/index.php\/deportes\/primera-nacional-ya-tiene-sede-la-final-entre-almirante-brown-e-independiente-rivadavia-por-el-primer-ascenso\/","title":{"rendered":"Primera Nacional: ya tiene sede la final entre Almirante Brown e Independiente Rivadavia por el primer ascenso"},"content":{"rendered":"\n<p>El partido tendr\u00e1 lugar el pr\u00f3ximo domingo 29 de octubre desde las 18 horas.<\/p>\n\n\n\n<p>El estadio\u00a0<strong>Mario Alberto Kempes de C\u00f3rdoba<\/strong>\u00a0ser\u00e1 la sede de la final, que disputar\u00e1n<strong>\u00a0Almirante Brown e Independiente Rivadavia de Mendoza<\/strong>, por el\u00a0<strong>primer ascenso a la Liga Profesional de F\u00fatbol.<\/strong><\/p>\n\n\n\n<p>En una reuni\u00f3n entre el&nbsp;<strong>presidente de la AFA Claudio \u201cChiqui\u201d Tapia<\/strong>&nbsp;y sus&nbsp;<strong>pares de Almirante Brown e Independiente Rivadavia de Mendoza, Maximiliano Levy y Daniel Vila<\/strong>&nbsp;respectivamente, se defini\u00f3 que<strong>&nbsp;estadio Mario Alberto Kempes de C\u00f3rdoba<\/strong>&nbsp;sea el<strong>&nbsp;recinto que albergue la final por el primer ascenso<\/strong>&nbsp;a la Liga Profesional de F\u00fatbol.<\/p>\n\n\n\n<p>El recinto mundialista cordob\u00e9s fue seleccionado por encima de las otras dos opciones que se barajaban:&nbsp;<strong>el \u00danico Madre de Ciudades de Santiago del Estero y el Brigadier Estanislao L\u00f3pez<\/strong>, la casa de Col\u00f3n de Santa Fe. El ex Chateau Carreras, al igual que el hogar del \u201cSabalero\u201d,<strong>&nbsp;pic\u00f3 en punta debido a ser un punto medio de distancia entre Mendoza e Isidro Casanova.<\/strong><\/p>\n\n\n\n<p>Asimismo, tambi\u00e9n se design\u00f3 que<strong>&nbsp;Nicol\u00e1s Ram\u00edrez sea qui\u00e9n imparta justicia en la final que se disputar\u00e1 el pr\u00f3ximo domingo 29 de octubre desde las 18 horas.<\/strong><\/p>\n","protected":false},"excerpt":{"rendered":"<p>El partido tendr\u00e1 lugar el pr\u00f3ximo domingo 29 de octubre desde las 18 horas. El estadio\u00a0Mario Alberto Kempes de C\u00f3rdoba\u00a0ser\u00e1 la sede de la final, que disputar\u00e1n\u00a0Almirante Brown e Independiente&hellip; <\/p>\n","protected":false},"author":4,"featured_media":97132,"comment_status":"closed","ping_status":"open","sticky":false,"template":"","format":"standard","meta":{"footnotes":""},"categories":[4],"tags":[],"class_list":["post-97131","post","type-post","status-publish","format-standard","has-post-thumbnail","hentry","category-deportes"],"_links":{"self":[{"href":"https:\/\/corrientesdetarde.com\/index.php\/wp-json\/wp\/v2\/posts\/97131","targetHints":{"allow":["GET"]}}],"collection":[{"href":"https:\/\/corrientesdetarde.com\/index.php\/wp-json\/wp\/v2\/posts"}],"about":[{"href":"https:\/\/corrientesdetarde.com\/index.php\/wp-json\/wp\/v2\/types\/post"}],"author":[{"embeddable":true,"href":"https:\/\/corrientesdetarde.com\/index.php\/wp-json\/wp\/v2\/users\/4"}],"replies":[{"embeddable":true,"href":"https:\/\/corrientesdetarde.com\/index.php\/wp-json\/wp\/v2\/comments?post=97131"}],"version-history":[{"count":1,"href":"https:\/\/corrientesdetarde.com\/index.php\/wp-json\/wp\/v2\/posts\/97131\/revisions"}],"predecessor-version":[{"id":97133,"href":"https:\/\/corrientesdetarde.com\/index.php\/wp-json\/wp\/v2\/posts\/97131\/revisions\/97133"}],"wp:featuredmedia":[{"embeddable":true,"href":"https:\/\/corrientesdetarde.com\/index.php\/wp-json\/wp\/v2\/media\/97132"}],"wp:attachment":[{"href":"https:\/\/corrientesdetarde.com\/index.php\/wp-json\/wp\/v2\/media?parent=97131"}],"wp:term":[{"taxonomy":"category","embeddable":true,"href":"https:\/\/corrientesdetarde.com\/index.php\/wp-json\/wp\/v2\/categories?post=97131"},{"taxonomy":"post_tag","embeddable":true,"href":"https:\/\/corrientesdetarde.com\/index.php\/wp-json\/wp\/v2\/tags?post=97131"}],"curies":[{"name":"wp","href":"https:\/\/api.w.org\/{rel}","templated":true}]}}