{"id":97134,"date":"2023-10-23T22:03:44","date_gmt":"2023-10-24T01:03:44","guid":{"rendered":"https:\/\/corrientesdetarde.com\/?p=97134"},"modified":"2023-10-23T22:03:55","modified_gmt":"2023-10-24T01:03:55","slug":"boca-el-changuito-zeballos-fue-operado-con-exito-y-comienza-su-recuperacion","status":"publish","type":"post","link":"https:\/\/corrientesdetarde.com\/index.php\/deportes\/boca-el-changuito-zeballos-fue-operado-con-exito-y-comienza-su-recuperacion\/","title":{"rendered":"Boca: el \u201cChanguito\u201d Zeballos fue operado con \u00e9xito y comienza su recuperaci\u00f3n"},"content":{"rendered":"\n<p>El pasado 10 de octubre, el delantero hab\u00eda sufrido una lesi\u00f3n\u00a0en el ligamento cruzado anterior y menisco externo de su rodilla derecha en la derrota 3-4 ante Belgrano de C\u00f3rdoba.<\/p>\n\n\n\n<p>El delantero de\u00a0<strong>Boca<\/strong>\u00a0<strong>Exequiel Zeballos fue operado con \u00e9xito<\/strong>, este lunes, de su\u00a0<strong>lesi\u00f3n en el ligamento cruzado anterior y menisco externo de su rodilla derecha.<\/strong>\u00a0El \u201cChanguito\u201d tendr\u00e1 entre<strong>\u00a0seis y ocho meses de recuperaci\u00f3n.<\/strong><\/p>\n\n\n\n<p>El atacante de 21 a\u00f1os fue<strong>&nbsp;intervenido quir\u00fargicamente de manera satisfactoria<\/strong>&nbsp;esta ma\u00f1ana en una cl\u00ednica de la ciudad de Buenos Aires y&nbsp;<strong>se prev\u00e9 que vuelva tener actividad oficial el pr\u00f3ximo a\u00f1o<\/strong>&nbsp;ya que tendr\u00e1 una recuperaci\u00f3n que demanda entre seis y ocho meses de recuperaci\u00f3n.<\/p>\n\n\n\n<p><strong>Fue el pasado martes 10 de octubre cuando el \u201cChanguito\u201d sufri\u00f3 esta dura lesi\u00f3n en la derrota 4-3 del \u201cXeneize\u201d ante\u00a0Belgrano en C\u00f3rdoba.<\/strong>\u00a0Pocos minutos despu\u00e9s de su ingreso, el futbolista fue a disputar una pelota con un defensor del \u201cPirata\u201d que<strong>\u00a0lo cuerpe\u00f3 para ganar la posesi\u00f3n del bal\u00f3n y el oriundo de La Banda cay\u00f3 fuera del campo de juego revolc\u00e1ndose<\/strong>\u00a0del dolor.<\/p>\n\n\n\n<p>Esta es la<strong>&nbsp;tercera lesi\u00f3n grave que sufre Exequiel Zeballos<\/strong>&nbsp;en su carrera y la<strong>&nbsp;segunda en un a\u00f1o<\/strong>&nbsp;ya que, en agosto de 2022,&nbsp;<strong>sufri\u00f3 la fractura de la tibia en la pierna derecha ante Agropecuario por la Copa Argentina.<\/strong>&nbsp;Esta lastimadura lo margin\u00f3 del resto de la temporada y reci\u00e9n volvi\u00f3 a competir en este a\u00f1o.<\/p>\n","protected":false},"excerpt":{"rendered":"<p>El pasado 10 de octubre, el delantero hab\u00eda sufrido una lesi\u00f3n\u00a0en el ligamento cruzado anterior y menisco externo de su rodilla derecha en la derrota 3-4 ante Belgrano de C\u00f3rdoba.&hellip; <\/p>\n","protected":false},"author":4,"featured_media":97135,"comment_status":"closed","ping_status":"open","sticky":false,"template":"","format":"standard","meta":{"footnotes":""},"categories":[4],"tags":[],"class_list":["post-97134","post","type-post","status-publish","format-standard","has-post-thumbnail","hentry","category-deportes"],"_links":{"self":[{"href":"https:\/\/corrientesdetarde.com\/index.php\/wp-json\/wp\/v2\/posts\/97134","targetHints":{"allow":["GET"]}}],"collection":[{"href":"https:\/\/corrientesdetarde.com\/index.php\/wp-json\/wp\/v2\/posts"}],"about":[{"href":"https:\/\/corrientesdetarde.com\/index.php\/wp-json\/wp\/v2\/types\/post"}],"author":[{"embeddable":true,"href":"https:\/\/corrientesdetarde.com\/index.php\/wp-json\/wp\/v2\/users\/4"}],"replies":[{"embeddable":true,"href":"https:\/\/corrientesdetarde.com\/index.php\/wp-json\/wp\/v2\/comments?post=97134"}],"version-history":[{"count":1,"href":"https:\/\/corrientesdetarde.com\/index.php\/wp-json\/wp\/v2\/posts\/97134\/revisions"}],"predecessor-version":[{"id":97136,"href":"https:\/\/corrientesdetarde.com\/index.php\/wp-json\/wp\/v2\/posts\/97134\/revisions\/97136"}],"wp:featuredmedia":[{"embeddable":true,"href":"https:\/\/corrientesdetarde.com\/index.php\/wp-json\/wp\/v2\/media\/97135"}],"wp:attachment":[{"href":"https:\/\/corrientesdetarde.com\/index.php\/wp-json\/wp\/v2\/media?parent=97134"}],"wp:term":[{"taxonomy":"category","embeddable":true,"href":"https:\/\/corrientesdetarde.com\/index.php\/wp-json\/wp\/v2\/categories?post=97134"},{"taxonomy":"post_tag","embeddable":true,"href":"https:\/\/corrientesdetarde.com\/index.php\/wp-json\/wp\/v2\/tags?post=97134"}],"curies":[{"name":"wp","href":"https:\/\/api.w.org\/{rel}","templated":true}]}}