{"id":97155,"date":"2023-10-23T23:02:28","date_gmt":"2023-10-24T02:02:28","guid":{"rendered":"https:\/\/corrientesdetarde.com\/?p=97155"},"modified":"2023-10-23T23:02:39","modified_gmt":"2023-10-24T02:02:39","slug":"juegos-panamericanos-agustin-alves-obtuvo-la-medalla-de-bronce-para-argentina-en-taekwondo","status":"publish","type":"post","link":"https:\/\/corrientesdetarde.com\/index.php\/deportes\/juegos-panamericanos-agustin-alves-obtuvo-la-medalla-de-bronce-para-argentina-en-taekwondo\/","title":{"rendered":"Juegos Panamericanos: Agust\u00edn Alves obtuvo la medalla de bronce para Argentina en taekwondo"},"content":{"rendered":"\n<p>Es la cuarta presea que la disciplina le da a la delegaci\u00f3n en lo que va del certamen polideportivo.<\/p>\n\n\n\n<p><strong>Agust\u00edn Alves<\/strong>\u00a0obtuvo la\u00a0<strong>medalla de bronce<\/strong>\u00a0en la\u00a0<strong>categor\u00eda +80 kg de taekwondo<\/strong>\u00a0para la delegaci\u00f3n argentina en los\u00a0<strong>Juegos Panamericanos de Santiago de Chile 2023.<\/strong><\/p>\n\n\n\n<p>Nuevamente, el taekwondo volvi\u00f3 a darle una\u00a0<strong>nueva medalla a la Argentina<\/strong>\u00a0en el certamen polideportivo que se disputa en la capital chilena y fue mediante Alves que\u00a0<strong>obtuvo la cuarta presea albiceleste en la disciplina.<\/strong><\/p>\n\n\n\n<figure class=\"wp-block-embed is-type-rich is-provider-twitter wp-block-embed-twitter\"><div class=\"wp-block-embed__wrapper\">\n<blockquote class=\"twitter-tweet\" data-width=\"550\" data-dnt=\"true\"><p lang=\"es\" dir=\"ltr\"><a href=\"https:\/\/twitter.com\/hashtag\/Santiago2023?src=hash&amp;ref_src=twsrc%5Etfw\">#Santiago2023<\/a> \u00a1Agust\u00edn Alves obtuvo una medalla de bronce en <a href=\"https:\/\/twitter.com\/hashtag\/Taekwondo?src=hash&amp;ref_src=twsrc%5Etfw\">#Taekwondo<\/a>!\ud83c\udde6\ud83c\uddf7\ud83e\udd49\ud83e\udd4b<br><br>El argentino derrot\u00f3 por 2-0 al ecuatoriano Julio Arroyo en el combate por el tercer puesto en la categor\u00eda +80kg. Sum\u00f3 el cuarto podio para Argentina en la disciplina. <a href=\"https:\/\/t.co\/ULEfSi0mFA\">pic.twitter.com\/ULEfSi0mFA<\/a><\/p>&mdash; Deportes Argentina (@DeportesAR) <a href=\"https:\/\/twitter.com\/DeportesAR\/status\/1716539354422681827?ref_src=twsrc%5Etfw\">October 23, 2023<\/a><\/blockquote><script async src=\"https:\/\/platform.twitter.com\/widgets.js\" charset=\"utf-8\"><\/script>\n<\/div><\/figure>\n\n\n\n<p>Alves conquist\u00f3 esta medalla al vencer por<strong>&nbsp;2-0 al ecuatoriano Julio Cesar Arroyo Nazareno tras igualar 4-4 en el primer parcial<\/strong>&nbsp;(dos puntos de penal a su favor) y&nbsp;<strong>1-1 en el segundo<\/strong>&nbsp;(un punto de penal a su favor) en el<strong>&nbsp;Centro de Deportes de Contacto de Santiago, Chile, por los Juegos Panamericanos 2023.<\/strong><\/p>\n\n\n\n<p>Las otras tres preseas de taekwondo fueron conseguidas por&nbsp;<strong>Lucas Guzm\u00e1n, que obtuvo la plata en la categor\u00eda -58kg; Giuliana Sendra, que gan\u00f3 el bronce en la de -49kg; y Jos\u00e9 Luis Acu\u00f1a, que logr\u00f3 el bronce en la de -68kg.<\/strong><\/p>\n\n\n\n<p>Con la conquista de Alves, la delegaci\u00f3n de Argentina alcanza su&nbsp;<strong>novena medalla en lo que va de los Juegos Panamericanos que se est\u00e1n disputando en Santiago de Chile.<\/strong><\/p>\n","protected":false},"excerpt":{"rendered":"<p>Es la cuarta presea que la disciplina le da a la delegaci\u00f3n en lo que va del certamen polideportivo. Agust\u00edn Alves\u00a0obtuvo la\u00a0medalla de bronce\u00a0en la\u00a0categor\u00eda +80 kg de taekwondo\u00a0para la&hellip; <\/p>\n","protected":false},"author":4,"featured_media":97156,"comment_status":"closed","ping_status":"open","sticky":false,"template":"","format":"standard","meta":{"footnotes":""},"categories":[4],"tags":[],"class_list":["post-97155","post","type-post","status-publish","format-standard","has-post-thumbnail","hentry","category-deportes"],"_links":{"self":[{"href":"https:\/\/corrientesdetarde.com\/index.php\/wp-json\/wp\/v2\/posts\/97155","targetHints":{"allow":["GET"]}}],"collection":[{"href":"https:\/\/corrientesdetarde.com\/index.php\/wp-json\/wp\/v2\/posts"}],"about":[{"href":"https:\/\/corrientesdetarde.com\/index.php\/wp-json\/wp\/v2\/types\/post"}],"author":[{"embeddable":true,"href":"https:\/\/corrientesdetarde.com\/index.php\/wp-json\/wp\/v2\/users\/4"}],"replies":[{"embeddable":true,"href":"https:\/\/corrientesdetarde.com\/index.php\/wp-json\/wp\/v2\/comments?post=97155"}],"version-history":[{"count":1,"href":"https:\/\/corrientesdetarde.com\/index.php\/wp-json\/wp\/v2\/posts\/97155\/revisions"}],"predecessor-version":[{"id":97157,"href":"https:\/\/corrientesdetarde.com\/index.php\/wp-json\/wp\/v2\/posts\/97155\/revisions\/97157"}],"wp:featuredmedia":[{"embeddable":true,"href":"https:\/\/corrientesdetarde.com\/index.php\/wp-json\/wp\/v2\/media\/97156"}],"wp:attachment":[{"href":"https:\/\/corrientesdetarde.com\/index.php\/wp-json\/wp\/v2\/media?parent=97155"}],"wp:term":[{"taxonomy":"category","embeddable":true,"href":"https:\/\/corrientesdetarde.com\/index.php\/wp-json\/wp\/v2\/categories?post=97155"},{"taxonomy":"post_tag","embeddable":true,"href":"https:\/\/corrientesdetarde.com\/index.php\/wp-json\/wp\/v2\/tags?post=97155"}],"curies":[{"name":"wp","href":"https:\/\/api.w.org\/{rel}","templated":true}]}}