{"id":97167,"date":"2023-10-24T00:20:15","date_gmt":"2023-10-24T03:20:15","guid":{"rendered":"https:\/\/corrientesdetarde.com\/?p=97167"},"modified":"2023-10-24T00:20:19","modified_gmt":"2023-10-24T03:20:19","slug":"aparecio-sofia-clerici-estoy-tranquila-no-tengo-que-justificar-nada","status":"publish","type":"post","link":"https:\/\/corrientesdetarde.com\/index.php\/espectaculos\/aparecio-sofia-clerici-estoy-tranquila-no-tengo-que-justificar-nada\/","title":{"rendered":"Apareci\u00f3 Sof\u00eda Clerici: \u201cEstoy tranquila, no tengo que justificar nada\u201d"},"content":{"rendered":"\n<p>La modelo habl\u00f3 en un evento y culp\u00f3 a la prensa porque \u201clos periodistas inventan muchas cosas\u201d.<\/p>\n\n\n\n<p><strong>Sof\u00eda Clerici<\/strong>\u00a0habl\u00f3 por primera vez desde que irrumpi\u00f3 en la escena medi\u00e1tica con sus fotos y videos junto a\u00a0<strong>Mart\u00edn Insaurralde<\/strong>\u00a0en un yate en Marbella, haciendo ostentaci\u00f3n de lujos de todo tipo: carteras, joyas y champagne, entre otros gustos costosos.<\/p>\n\n\n\n<p>La modelo habl\u00f3 con\u00a0<em>Socios del Espect\u00e1culo<\/em>\u00a0durante un evento que organiz\u00f3 una doctora especialista en est\u00e9tica que la convoc\u00f3 para formar parte de una campa\u00f1a de prevenci\u00f3n del c\u00e1ncer de mama, en la cual Clerici aport\u00f3 varias prendas de su empresa de ropa interior para homenajear a las mujeres que fueron invitadas.<\/p>\n\n\n\n<figure class=\"wp-block-embed is-type-video is-provider-youtube wp-block-embed-youtube wp-embed-aspect-16-9 wp-has-aspect-ratio\"><div class=\"wp-block-embed__wrapper\">\n<iframe loading=\"lazy\" title=\"SOF\u00cdA CLERICI ROMPE EL SILENCIO LUEGO DEL ESC\u00c1NDALO CON INSAURRALDE, EN EXCLUSIVA CON LOS SOCIOS\" width=\"1110\" height=\"624\" src=\"https:\/\/www.youtube.com\/embed\/Z_4UEwNAcJo?feature=oembed\" frameborder=\"0\" allow=\"accelerometer; autoplay; clipboard-write; encrypted-media; gyroscope; picture-in-picture; web-share\" allowfullscreen><\/iframe>\n<\/div><\/figure>\n\n\n\n<p>\u201cEstoy muy agradecida por ser parte de este evento que es para ayudar y tener fe\u201d, comenz\u00f3 a decir la modelo, pero el cronista r\u00e1pidamente le pregunt\u00f3 c\u00f3mo estaba viviendo la explosi\u00f3n medi\u00e1tica por su v\u00ednculo con Mart\u00edn Insaurralde y ella opt\u00f3 por no dar demasiadas respuestas:&nbsp;<strong>\u201cDel tema no puedo halar y no me parece que sea el momento ni el lugar. Yo estoy bien, como ven, ac\u00e1, hermosa\u201d.<\/strong><\/p>\n\n\n\n<p><strong>\u201c\u00bfEst\u00e1s con Insaurralde?\u201d<\/strong>, insisti\u00f3 el cronista, pero Clerici se mantuvo firme en su postura: \u201cNo voy a hablar. Chicos, respeten.&nbsp;<strong>Mi abogado est\u00e1 con mi tema y yo estoy tranquila, como me ven<\/strong>. Compartiendo este evento y nada m\u00e1s para decir.&nbsp;<strong>Los periodistas dicen lo que quieren, no dicen la verdad, inventan muchas cosas. No tengo que justificar nada porque es mi vida<\/strong>, as\u00ed que no te voy a responder nada\u201d.<\/p>\n\n\n\n<p>D\u00edas atr\u00e1s,\u00a0Sof\u00eda s\u00f3lo hab\u00eda hablado desde su cuenta de X, antes Twitter.\u00a0<strong>\u201cPronto voy a salir a hablar\u2026<\/strong>\u00a0todo a su momento (para todo hay explicaci\u00f3n m\u00e1s cuando una es buena gente, buena esencia de familia) nunca tuve malas intenciones ni tengo nada que ocultar en mi vida, soy bastante transparente, Besos\u201d.<\/p>\n\n\n\n<p>Luego le dijeron que&nbsp;<strong>\u201cpara el pa\u00eds, ser\u00eda mejor que luches contra la corrupci\u00f3n y el robo de nuestra Plata\u201d<\/strong>. Pero ella opin\u00f3 que no le corresponde:&nbsp;<strong>\u201c\u00bfPor qu\u00e9 deber\u00eda? Yo no soy pol\u00edtica, no me corresponde\u201d.<\/strong><\/p>\n","protected":false},"excerpt":{"rendered":"<p>La modelo habl\u00f3 en un evento y culp\u00f3 a la prensa porque \u201clos periodistas inventan muchas cosas\u201d. Sof\u00eda Clerici\u00a0habl\u00f3 por primera vez desde que irrumpi\u00f3 en la escena medi\u00e1tica con&hellip; <\/p>\n","protected":false},"author":4,"featured_media":97168,"comment_status":"closed","ping_status":"open","sticky":false,"template":"","format":"standard","meta":{"footnotes":""},"categories":[19],"tags":[],"class_list":["post-97167","post","type-post","status-publish","format-standard","has-post-thumbnail","hentry","category-espectaculos"],"_links":{"self":[{"href":"https:\/\/corrientesdetarde.com\/index.php\/wp-json\/wp\/v2\/posts\/97167","targetHints":{"allow":["GET"]}}],"collection":[{"href":"https:\/\/corrientesdetarde.com\/index.php\/wp-json\/wp\/v2\/posts"}],"about":[{"href":"https:\/\/corrientesdetarde.com\/index.php\/wp-json\/wp\/v2\/types\/post"}],"author":[{"embeddable":true,"href":"https:\/\/corrientesdetarde.com\/index.php\/wp-json\/wp\/v2\/users\/4"}],"replies":[{"embeddable":true,"href":"https:\/\/corrientesdetarde.com\/index.php\/wp-json\/wp\/v2\/comments?post=97167"}],"version-history":[{"count":1,"href":"https:\/\/corrientesdetarde.com\/index.php\/wp-json\/wp\/v2\/posts\/97167\/revisions"}],"predecessor-version":[{"id":97169,"href":"https:\/\/corrientesdetarde.com\/index.php\/wp-json\/wp\/v2\/posts\/97167\/revisions\/97169"}],"wp:featuredmedia":[{"embeddable":true,"href":"https:\/\/corrientesdetarde.com\/index.php\/wp-json\/wp\/v2\/media\/97168"}],"wp:attachment":[{"href":"https:\/\/corrientesdetarde.com\/index.php\/wp-json\/wp\/v2\/media?parent=97167"}],"wp:term":[{"taxonomy":"category","embeddable":true,"href":"https:\/\/corrientesdetarde.com\/index.php\/wp-json\/wp\/v2\/categories?post=97167"},{"taxonomy":"post_tag","embeddable":true,"href":"https:\/\/corrientesdetarde.com\/index.php\/wp-json\/wp\/v2\/tags?post=97167"}],"curies":[{"name":"wp","href":"https:\/\/api.w.org\/{rel}","templated":true}]}}