{"id":97170,"date":"2023-10-24T00:23:48","date_gmt":"2023-10-24T03:23:48","guid":{"rendered":"https:\/\/corrientesdetarde.com\/?p=97170"},"modified":"2023-10-24T00:23:53","modified_gmt":"2023-10-24T03:23:53","slug":"wanda-nara-se-emociono-en-su-debut-en-el-bailando-de-italia-quiero-demostrar-que-estoy-bien","status":"publish","type":"post","link":"https:\/\/corrientesdetarde.com\/index.php\/espectaculos\/wanda-nara-se-emociono-en-su-debut-en-el-bailando-de-italia-quiero-demostrar-que-estoy-bien\/","title":{"rendered":"Wanda Nara se emocion\u00f3 en su debut en el Bailando de Italia: \u201cQuiero demostrar que estoy bien\u201d"},"content":{"rendered":"\n<p>La medi\u00e1tica hizo una buena performance y se convirti\u00f3 en una de las mejores puntudas. La felicitaron Mauro Icardi y L-Gante.<\/p>\n\n\n\n<p><strong>Wanda Nara<\/strong>&nbsp;acept\u00f3 la propuesta para formar parte del Ballando con le Stelle, el Bailando italiano, mientras encara el tratamiento para mejorar su salud. \u201cCuando me lleg\u00f3 la propuesta del Bailando, obviamente, ya se hab\u00eda estabilizado la situaci\u00f3n. As\u00ed que le pregunt\u00e9 a los m\u00e9dicos, porque estoy haciendo un tratamiento, si lo pod\u00eda hacer. Y me dijeron que s\u00ed, tranquilamente, al cien por ciento\u201d, explic\u00f3.<\/p>\n\n\n\n<p>La medi\u00e1tica hizo su primer baile en la pista y consigui\u00f3 presentar una coreograf\u00eda que gust\u00f3 mucho al jurado del certamen italiano, que se emite por la RAI con conducci\u00f3n de&nbsp;<strong>Milly Carlucci.<\/strong><\/p>\n\n\n\n<p>Wanda se emocion\u00f3 hasta las l\u00e1grimas y revel\u00f3 que bailar y formar parte de este reality es una manera de llevar tranquilidad a su gente: \u201c<strong>Si lo hago es para demostrar que estoy bien\u201d.<\/strong><\/p>\n\n\n\n<figure class=\"wp-block-embed is-type-video is-provider-youtube wp-block-embed-youtube wp-embed-aspect-16-9 wp-has-aspect-ratio\"><div class=\"wp-block-embed__wrapper\">\n<iframe loading=\"lazy\" title=\"Presentazione della coppia: Wanda Nara e Pasquale La Rocca - Ballando con le Stelle 21\/10\/2023\" width=\"1110\" height=\"624\" src=\"https:\/\/www.youtube.com\/embed\/XY5FL3pYC-c?feature=oembed\" frameborder=\"0\" allow=\"accelerometer; autoplay; clipboard-write; encrypted-media; gyroscope; picture-in-picture; web-share\" allowfullscreen><\/iframe>\n<\/div><\/figure>\n\n\n\n<figure class=\"wp-block-embed is-type-video is-provider-youtube wp-block-embed-youtube wp-embed-aspect-16-9 wp-has-aspect-ratio\"><div class=\"wp-block-embed__wrapper\">\n<iframe loading=\"lazy\" title=\"La Rumba di Wanda Nara e Pasquale La Rocca - Ballando con le Stelle 21\/10\/2023\" width=\"1110\" height=\"624\" src=\"https:\/\/www.youtube.com\/embed\/AUrWrX5Or1I?feature=oembed\" frameborder=\"0\" allow=\"accelerometer; autoplay; clipboard-write; encrypted-media; gyroscope; picture-in-picture; web-share\" allowfullscreen><\/iframe>\n<\/div><\/figure>\n\n\n\n<p>Junto a su bailar\u00edn,&nbsp;<strong>Pasquale LaRoque<\/strong>, hizo una coreograf\u00eda con el tema \u201cHips Do\u2019nt Lie\u201d, de Shakira. Al jurado le encant\u00f3 y se qued\u00f3 con una de las puntuaciones m\u00e1s altas: 43 puntos: 10 de&nbsp;Iv\u00e1n Zazzaroni, 9 de&nbsp;Guillermo Mariotto&nbsp;y 8 de&nbsp;Carolyn Smith, Fabio Canino y Selvaggia Lucarelli.<\/p>\n\n\n\n<p>Su marido,&nbsp;<strong>Mauro Icardi<\/strong>, la felicit\u00f3 p\u00fablicamente. \u201c<strong>Felicitaciones, mi amor. La rompiste toda<\/strong>\u201d, le escribi\u00f3. Mientras que su amigo&nbsp;<strong>L-Gante<\/strong>&nbsp;coment\u00f3 con una expresi\u00f3n:&nbsp;<strong>\u201cWooow\u201d<\/strong>.<\/p>\n","protected":false},"excerpt":{"rendered":"<p>La medi\u00e1tica hizo una buena performance y se convirti\u00f3 en una de las mejores puntudas. La felicitaron Mauro Icardi y L-Gante. Wanda Nara&nbsp;acept\u00f3 la propuesta para formar parte del Ballando&hellip; <\/p>\n","protected":false},"author":4,"featured_media":97171,"comment_status":"closed","ping_status":"open","sticky":false,"template":"","format":"standard","meta":{"footnotes":""},"categories":[19],"tags":[],"class_list":["post-97170","post","type-post","status-publish","format-standard","has-post-thumbnail","hentry","category-espectaculos"],"_links":{"self":[{"href":"https:\/\/corrientesdetarde.com\/index.php\/wp-json\/wp\/v2\/posts\/97170","targetHints":{"allow":["GET"]}}],"collection":[{"href":"https:\/\/corrientesdetarde.com\/index.php\/wp-json\/wp\/v2\/posts"}],"about":[{"href":"https:\/\/corrientesdetarde.com\/index.php\/wp-json\/wp\/v2\/types\/post"}],"author":[{"embeddable":true,"href":"https:\/\/corrientesdetarde.com\/index.php\/wp-json\/wp\/v2\/users\/4"}],"replies":[{"embeddable":true,"href":"https:\/\/corrientesdetarde.com\/index.php\/wp-json\/wp\/v2\/comments?post=97170"}],"version-history":[{"count":1,"href":"https:\/\/corrientesdetarde.com\/index.php\/wp-json\/wp\/v2\/posts\/97170\/revisions"}],"predecessor-version":[{"id":97172,"href":"https:\/\/corrientesdetarde.com\/index.php\/wp-json\/wp\/v2\/posts\/97170\/revisions\/97172"}],"wp:featuredmedia":[{"embeddable":true,"href":"https:\/\/corrientesdetarde.com\/index.php\/wp-json\/wp\/v2\/media\/97171"}],"wp:attachment":[{"href":"https:\/\/corrientesdetarde.com\/index.php\/wp-json\/wp\/v2\/media?parent=97170"}],"wp:term":[{"taxonomy":"category","embeddable":true,"href":"https:\/\/corrientesdetarde.com\/index.php\/wp-json\/wp\/v2\/categories?post=97170"},{"taxonomy":"post_tag","embeddable":true,"href":"https:\/\/corrientesdetarde.com\/index.php\/wp-json\/wp\/v2\/tags?post=97170"}],"curies":[{"name":"wp","href":"https:\/\/api.w.org\/{rel}","templated":true}]}}