{"id":97181,"date":"2023-10-24T08:54:13","date_gmt":"2023-10-24T11:54:13","guid":{"rendered":"https:\/\/corrientesdetarde.com\/?p=97181"},"modified":"2023-10-24T08:54:25","modified_gmt":"2023-10-24T11:54:25","slug":"entraron-por-el-balcon-y-saquearon-departamento-capitalino","status":"publish","type":"post","link":"https:\/\/corrientesdetarde.com\/index.php\/policiales\/entraron-por-el-balcon-y-saquearon-departamento-capitalino\/","title":{"rendered":"Entraron por el balc\u00f3n y saquearon departamento capitalino"},"content":{"rendered":"\n<p>Un departamento, ubicado en el centro de la ciudad de Corrientes, fue blanco de un robo cometido a la madrugada mientras el due\u00f1o estaba ausente.<\/p>\n\n\n\n<p>Dinero en pesos y d\u00f3lares; equipos de electr\u00f3nica, prendas de vestir, zapatillas y otros art\u00edculos sustrajeron luego de subir hasta el balc\u00f3n del primero piso y abrir un ventanal.<\/p>\n\n\n\n<p>La denuncia penal del il\u00edcito qued\u00f3 asentada en la comisar\u00eda seccional Primera y en ella el damnificado enumer\u00f3 la importante cantidad de bienes robados entre la 1 y las 4, aproximadamente.<\/p>\n\n\n\n<p>Para entrar al inmueble los ladrones habr\u00edan escalado sujetado a un ca\u00f1o met\u00e1lico de desag\u00fce pluvial instalado a un costado de los balcones.<\/p>\n\n\n\n<p>Luego de llegar al balc\u00f3n abrieron un ventanal y recorrieron las distintas dependencias del edificio situado en la calle Rivadavia al 700, entre Buenos Aires y Tucum\u00e1n del barrio La Cruz.<\/p>\n\n\n\n<p>De acuerdo a informaci\u00f3n conocida por diario \u00e9poca, la persona que habita el departamento sali\u00f3 alrededor de la medianoche y regres\u00f3 antes del amanecer.<\/p>\n\n\n\n<p>Una sospecha apunta a que sus movimientos fueron observados y entonces los autores del delito decidieron dar el golpe.<\/p>\n\n\n\n<figure class=\"wp-block-image\"><img decoding=\"async\" src=\"https:\/\/www.diarioepoca.com\/content\/bucket\/8\/1327658w380h483c.jpg.webp\" alt=\"\"\/><figcaption>ZAPATILLAS QUE EL DUE\u00d1O PRETENDE RECUPERAR.<\/figcaption><\/figure>\n\n\n\n<p>Los intrusos buscaron en las distintas habitaciones ocasionando un evidente desorden en procura de obtener dinero, alhajas u otros bienes.<\/p>\n\n\n\n<p>El damnificado precis\u00f3 ante las autoridades que al llegar not\u00f3 algunas cosas fuera de lugar.<\/p>\n\n\n\n<p>De esa manera no tard\u00f3 en descubrir que rato antes estuvieron delincuentes adentro de su hogar.<\/p>\n\n\n\n<p>Dos computadoras port\u00e1tiles marcas Exo y Lenovo; un monitor marca LG; un tel\u00e9fono celular iPhone X; zapatillas verde fl\u00faor marca Nike; ropas varias; un monto de dinero en pesos; un monto de dinero en d\u00f3lares estadounidenses y una valija figuran mencionados en la denuncia que radic\u00f3 la v\u00edctima.<\/p>\n\n\n\n<p>El edificio no cuenta con sistema de c\u00e1maras de seguridad.<\/p>\n\n\n\n<p>Por ello se estima que fue un delito planificado y no &#8220;al voleo&#8221;.<\/p>\n\n\n\n<h2 class=\"wp-block-heading\">En una casa<\/h2>\n\n\n\n<p>Por otra parte, en el barrio Uni\u00f3n se produjo la sustracci\u00f3n de una desmalezadora y de prendas de vestir del interior de una casa, a la cual entraron malvivientes ayer a la madrugada.<\/p>\n\n\n\n<p>El delito ocurri\u00f3 en un domicilio de calle 3 de Febrero mientras llov\u00eda persistentemente sobre la ciudad.<\/p>\n\n\n\n<p>Las personas que estaban en el inmueble no advirtieron movimientos de los extra\u00f1os. Al despertar descubrieron la faltante de una m\u00e1quina de cortar pasto marca Honda con motor a nafta y de diversas ropas.<\/p>\n","protected":false},"excerpt":{"rendered":"<p>Un departamento, ubicado en el centro de la ciudad de Corrientes, fue blanco de un robo cometido a la madrugada mientras el due\u00f1o estaba ausente. Dinero en pesos y d\u00f3lares;&hellip; <\/p>\n","protected":false},"author":12,"featured_media":97186,"comment_status":"closed","ping_status":"open","sticky":false,"template":"","format":"standard","meta":{"footnotes":""},"categories":[33],"tags":[],"class_list":["post-97181","post","type-post","status-publish","format-standard","has-post-thumbnail","hentry","category-policiales"],"_links":{"self":[{"href":"https:\/\/corrientesdetarde.com\/index.php\/wp-json\/wp\/v2\/posts\/97181","targetHints":{"allow":["GET"]}}],"collection":[{"href":"https:\/\/corrientesdetarde.com\/index.php\/wp-json\/wp\/v2\/posts"}],"about":[{"href":"https:\/\/corrientesdetarde.com\/index.php\/wp-json\/wp\/v2\/types\/post"}],"author":[{"embeddable":true,"href":"https:\/\/corrientesdetarde.com\/index.php\/wp-json\/wp\/v2\/users\/12"}],"replies":[{"embeddable":true,"href":"https:\/\/corrientesdetarde.com\/index.php\/wp-json\/wp\/v2\/comments?post=97181"}],"version-history":[{"count":1,"href":"https:\/\/corrientesdetarde.com\/index.php\/wp-json\/wp\/v2\/posts\/97181\/revisions"}],"predecessor-version":[{"id":97187,"href":"https:\/\/corrientesdetarde.com\/index.php\/wp-json\/wp\/v2\/posts\/97181\/revisions\/97187"}],"wp:featuredmedia":[{"embeddable":true,"href":"https:\/\/corrientesdetarde.com\/index.php\/wp-json\/wp\/v2\/media\/97186"}],"wp:attachment":[{"href":"https:\/\/corrientesdetarde.com\/index.php\/wp-json\/wp\/v2\/media?parent=97181"}],"wp:term":[{"taxonomy":"category","embeddable":true,"href":"https:\/\/corrientesdetarde.com\/index.php\/wp-json\/wp\/v2\/categories?post=97181"},{"taxonomy":"post_tag","embeddable":true,"href":"https:\/\/corrientesdetarde.com\/index.php\/wp-json\/wp\/v2\/tags?post=97181"}],"curies":[{"name":"wp","href":"https:\/\/api.w.org\/{rel}","templated":true}]}}